{"id":2731,"date":"2015-08-05T14:13:16","date_gmt":"2015-08-05T17:13:16","guid":{"rendered":"https:\/\/wp.ufpel.edu.br\/colegiadoquimica\/?p=2731"},"modified":"2015-08-06T08:11:38","modified_gmt":"2015-08-06T11:11:38","slug":"nova-data-inicio-das-aulas-aos-cursos-de-bacharelado-e-licenciatura","status":"publish","type":"post","link":"https:\/\/wp.ufpel.edu.br\/colegiadoquimica\/2015\/08\/05\/nova-data-inicio-das-aulas-aos-cursos-de-bacharelado-e-licenciatura\/","title":{"rendered":"Nova data in\u00edcio das aulas aos Cursos de Bacharelado e Licenciatura"},"content":{"rendered":"<p>Aten\u00e7\u00e3o,<br \/>\nSeguindo orienta\u00e7\u00e3o do CCQFA, as aulas dos Cursos de Licenciatura e de Bacharelado em Qu\u00edmica n\u00e3o iniciam as aulas no dia 10\/08, em fun\u00e7\u00e3o dos in\u00fameros contratempos nas matr\u00edculas, indefini\u00e7\u00f5es de salas, dificuldade de execu\u00e7\u00e3o de aulas pr\u00e1ticas. Apenas haver\u00e1 aula em disciplinas que tem oferta em conjunto com outros cursos, como os ofertados pela F\u00edsica e Matem\u00e1tica.<br \/>\nNesse sentido, informamos aos  docentes e aos discentes que as aulas tem previs\u00e3o de in\u00edcio para o dia 17.08.<\/p>\n","protected":false},"excerpt":{"rendered":"<p>Aten\u00e7\u00e3o, Seguindo orienta\u00e7\u00e3o do CCQFA, as aulas dos Cursos de Licenciatura e de Bacharelado em Qu\u00edmica n\u00e3o iniciam as aulas no dia 10\/08, em fun\u00e7\u00e3o dos in\u00fameros contratempos nas matr\u00edculas, indefini\u00e7\u00f5es de salas, dificuldade de execu\u00e7\u00e3o de aulas pr\u00e1ticas. Apenas haver\u00e1 aula em disciplinas que tem oferta em conjunto com outros cursos, como os ofertados &hellip; <\/p>\n<p><a class=\"more-link btn\" href=\"https:\/\/wp.ufpel.edu.br\/colegiadoquimica\/2015\/08\/05\/nova-data-inicio-das-aulas-aos-cursos-de-bacharelado-e-licenciatura\/\">Continue lendo<\/a><\/p>\n","protected":false},"author":76,"featured_media":0,"comment_status":"closed","ping_status":"closed","sticky":false,"template":"","format":"standard","meta":{"footnotes":""},"categories":[12208,5718],"tags":[],"class_list":["post-2731","post","type-post","status-publish","format-standard","hentry","category-bacharelado-em-quimica","category-licenciatura-em-quimica","item-wrap"],"jetpack_featured_media_url":"","_links":{"self":[{"href":"https:\/\/wp.ufpel.edu.br\/colegiadoquimica\/wp-json\/wp\/v2\/posts\/2731","targetHints":{"allow":["GET"]}}],"collection":[{"href":"https:\/\/wp.ufpel.edu.br\/colegiadoquimica\/wp-json\/wp\/v2\/posts"}],"about":[{"href":"https:\/\/wp.ufpel.edu.br\/colegiadoquimica\/wp-json\/wp\/v2\/types\/post"}],"author":[{"embeddable":true,"href":"https:\/\/wp.ufpel.edu.br\/colegiadoquimica\/wp-json\/wp\/v2\/users\/76"}],"replies":[{"embeddable":true,"href":"https:\/\/wp.ufpel.edu.br\/colegiadoquimica\/wp-json\/wp\/v2\/comments?post=2731"}],"version-history":[{"count":3,"href":"https:\/\/wp.ufpel.edu.br\/colegiadoquimica\/wp-json\/wp\/v2\/posts\/2731\/revisions"}],"predecessor-version":[{"id":2737,"href":"https:\/\/wp.ufpel.edu.br\/colegiadoquimica\/wp-json\/wp\/v2\/posts\/2731\/revisions\/2737"}],"wp:attachment":[{"href":"https:\/\/wp.ufpel.edu.br\/colegiadoquimica\/wp-json\/wp\/v2\/media?parent=2731"}],"wp:term":[{"taxonomy":"category","embeddable":true,"href":"https:\/\/wp.ufpel.edu.br\/colegiadoquimica\/wp-json\/wp\/v2\/categories?post=2731"},{"taxonomy":"post_tag","embeddable":true,"href":"https:\/\/wp.ufpel.edu.br\/colegiadoquimica\/wp-json\/wp\/v2\/tags?post=2731"}],"curies":[{"name":"wp","href":"https:\/\/api.w.org\/{rel}","templated":true}]}}