{"id":1993,"date":"2012-06-20T14:54:37","date_gmt":"2012-06-20T14:54:37","guid":{"rendered":"https:\/\/wp.ufpel.edu.br\/colegiadoquimica\/?p=1993"},"modified":"2012-06-20T14:53:54","modified_gmt":"2012-06-20T14:53:54","slug":"contratacoes-temporarias-para-magisterio","status":"publish","type":"post","link":"https:\/\/wp.ufpel.edu.br\/colegiadoquimica\/2012\/06\/20\/contratacoes-temporarias-para-magisterio\/","title":{"rendered":"CONTRATA\u00c7\u00d5ES TEMPOR\u00c1RIAS PARA MAGIST\u00c9RIO"},"content":{"rendered":"<p>ATEN\u00c7\u00c3O!!<br \/>\nEncontram-se abertas as inscri\u00e7\u00f5es para o Cadastro de Contrata\u00e7\u00f5es Tempor\u00e1rias para o exerc\u00edcio da fun\u00e7\u00e3o de professor, no per\u00edodo de 18 a 22 de junho de 2012, para o Ensino Fundamental \u2013 Anos Iniciais, Ensino Fundamental &#8211; Anos Iniciais\/Educa\u00e7\u00e3o Especial e Educa\u00e7\u00e3o Ind\u00edgena; Ensino Fundamental &#8211; Anos Finais; Ensino M\u00e9dio e Educa\u00e7\u00e3o Profissional, conforme anexo \u00fanico.<a href='https:\/\/wp.ufpel.edu.br\/colegiadoquimica\/2012\/06\/20\/contratacoes-temporarias-para-magisterio\/edital152012\/' rel='attachment wp-att-1994'>Edital152012<\/a><\/p>\n","protected":false},"excerpt":{"rendered":"<p>ATEN\u00c7\u00c3O!! Encontram-se abertas as inscri\u00e7\u00f5es para o Cadastro de Contrata\u00e7\u00f5es Tempor\u00e1rias para o exerc\u00edcio da fun\u00e7\u00e3o de professor, no per\u00edodo de 18 a 22 de junho de 2012, para o Ensino Fundamental \u2013 Anos Iniciais, Ensino Fundamental &#8211; Anos Iniciais\/Educa\u00e7\u00e3o Especial e Educa\u00e7\u00e3o Ind\u00edgena; Ensino Fundamental &#8211; Anos Finais; Ensino M\u00e9dio e Educa\u00e7\u00e3o Profissional, conforme &hellip; <\/p>\n<p><a class=\"more-link btn\" href=\"https:\/\/wp.ufpel.edu.br\/colegiadoquimica\/2012\/06\/20\/contratacoes-temporarias-para-magisterio\/\">Continue lendo<\/a><\/p>\n","protected":false},"author":76,"featured_media":0,"comment_status":"closed","ping_status":"closed","sticky":false,"template":"","format":"standard","meta":{"footnotes":""},"categories":[5718],"tags":[],"class_list":["post-1993","post","type-post","status-publish","format-standard","hentry","category-licenciatura-em-quimica","item-wrap"],"jetpack_featured_media_url":"","_links":{"self":[{"href":"https:\/\/wp.ufpel.edu.br\/colegiadoquimica\/wp-json\/wp\/v2\/posts\/1993","targetHints":{"allow":["GET"]}}],"collection":[{"href":"https:\/\/wp.ufpel.edu.br\/colegiadoquimica\/wp-json\/wp\/v2\/posts"}],"about":[{"href":"https:\/\/wp.ufpel.edu.br\/colegiadoquimica\/wp-json\/wp\/v2\/types\/post"}],"author":[{"embeddable":true,"href":"https:\/\/wp.ufpel.edu.br\/colegiadoquimica\/wp-json\/wp\/v2\/users\/76"}],"replies":[{"embeddable":true,"href":"https:\/\/wp.ufpel.edu.br\/colegiadoquimica\/wp-json\/wp\/v2\/comments?post=1993"}],"version-history":[{"count":4,"href":"https:\/\/wp.ufpel.edu.br\/colegiadoquimica\/wp-json\/wp\/v2\/posts\/1993\/revisions"}],"predecessor-version":[{"id":1997,"href":"https:\/\/wp.ufpel.edu.br\/colegiadoquimica\/wp-json\/wp\/v2\/posts\/1993\/revisions\/1997"}],"wp:attachment":[{"href":"https:\/\/wp.ufpel.edu.br\/colegiadoquimica\/wp-json\/wp\/v2\/media?parent=1993"}],"wp:term":[{"taxonomy":"category","embeddable":true,"href":"https:\/\/wp.ufpel.edu.br\/colegiadoquimica\/wp-json\/wp\/v2\/categories?post=1993"},{"taxonomy":"post_tag","embeddable":true,"href":"https:\/\/wp.ufpel.edu.br\/colegiadoquimica\/wp-json\/wp\/v2\/tags?post=1993"}],"curies":[{"name":"wp","href":"https:\/\/api.w.org\/{rel}","templated":true}]}}