{"id":1297,"date":"2023-02-24T08:26:25","date_gmt":"2023-02-24T11:26:25","guid":{"rendered":"https:\/\/wp.ufpel.edu.br\/colegiadonutricao\/?p=1297"},"modified":"2023-02-28T13:42:45","modified_gmt":"2023-02-28T16:42:45","slug":"selecao-para-monitoria-dietetica-i","status":"publish","type":"post","link":"https:\/\/wp.ufpel.edu.br\/colegiadonutricao\/2023\/02\/24\/selecao-para-monitoria-dietetica-i\/","title":{"rendered":"Sele\u00e7\u00e3o para Monitoria &#8211; Diet\u00e9tica I &#8211; Resultado"},"content":{"rendered":"<p>A Professora Kelly Lameiro Rodrigues, da Faculdade de Nutri\u00e7\u00e3o, torna p\u00fablico o resultado processo seletivo para o preenchimento de uma vaga para bolsista de monitoria de Diet\u00e9tica I. Maiores informa\u00e7\u00f5es na ata abaixo:<\/p>\n<p><a href=\"https:\/\/wp.ufpel.edu.br\/colegiadonutricao\/files\/2023\/02\/ata-monitoria-Diete\u0301tica-I-2022-1.pdf\">Ata monitoria Diete\u0301tica I 2022 1<\/a><\/p>\n","protected":false},"excerpt":{"rendered":"<p>A Professora Kelly Lameiro Rodrigues, da Faculdade de Nutri\u00e7\u00e3o, torna p\u00fablico o resultado processo seletivo para o preenchimento de uma vaga para bolsista de monitoria de Diet\u00e9tica I. Maiores informa\u00e7\u00f5es na ata abaixo: Ata monitoria Diete\u0301tica I 2022 1<\/p>\n","protected":false},"author":948,"featured_media":0,"comment_status":"closed","ping_status":"closed","sticky":false,"template":"","format":"standard","meta":{"_jetpack_memberships_contains_paid_content":false,"footnotes":""},"categories":[1],"tags":[],"class_list":["post-1297","post","type-post","status-publish","format-standard","hentry","category-noticias"],"jetpack_featured_media_url":"","jetpack_sharing_enabled":true,"_links":{"self":[{"href":"https:\/\/wp.ufpel.edu.br\/colegiadonutricao\/wp-json\/wp\/v2\/posts\/1297","targetHints":{"allow":["GET"]}}],"collection":[{"href":"https:\/\/wp.ufpel.edu.br\/colegiadonutricao\/wp-json\/wp\/v2\/posts"}],"about":[{"href":"https:\/\/wp.ufpel.edu.br\/colegiadonutricao\/wp-json\/wp\/v2\/types\/post"}],"author":[{"embeddable":true,"href":"https:\/\/wp.ufpel.edu.br\/colegiadonutricao\/wp-json\/wp\/v2\/users\/948"}],"replies":[{"embeddable":true,"href":"https:\/\/wp.ufpel.edu.br\/colegiadonutricao\/wp-json\/wp\/v2\/comments?post=1297"}],"version-history":[{"count":5,"href":"https:\/\/wp.ufpel.edu.br\/colegiadonutricao\/wp-json\/wp\/v2\/posts\/1297\/revisions"}],"predecessor-version":[{"id":1316,"href":"https:\/\/wp.ufpel.edu.br\/colegiadonutricao\/wp-json\/wp\/v2\/posts\/1297\/revisions\/1316"}],"wp:attachment":[{"href":"https:\/\/wp.ufpel.edu.br\/colegiadonutricao\/wp-json\/wp\/v2\/media?parent=1297"}],"wp:term":[{"taxonomy":"category","embeddable":true,"href":"https:\/\/wp.ufpel.edu.br\/colegiadonutricao\/wp-json\/wp\/v2\/categories?post=1297"},{"taxonomy":"post_tag","embeddable":true,"href":"https:\/\/wp.ufpel.edu.br\/colegiadonutricao\/wp-json\/wp\/v2\/tags?post=1297"}],"curies":[{"name":"wp","href":"https:\/\/api.w.org\/{rel}","templated":true}]}}