{"id":321,"date":"2024-10-07T15:37:19","date_gmt":"2024-10-07T18:37:19","guid":{"rendered":"https:\/\/wp.ufpel.edu.br\/codin\/?p=321"},"modified":"2024-10-07T15:37:19","modified_gmt":"2024-10-07T18:37:19","slug":"codin-realiza-encontro-com-ifsul-ifrs-e-unipampa","status":"publish","type":"post","link":"https:\/\/wp.ufpel.edu.br\/codin\/2024\/10\/07\/codin-realiza-encontro-com-ifsul-ifrs-e-unipampa\/","title":{"rendered":"CODIN realiza encontro com IFSul, IFRS e Unipampa"},"content":{"rendered":"<p>A Coordena\u00e7\u00e3o de Diversidade e Inclus\u00e3o organizou no dia 2\u00a0de outubro de 2024 uma reuni\u00e3o entre as institui\u00e7\u00f5es federais do Rio grande do Sul visando o come\u00e7o de parcerias entre as IFs. Na ocasi\u00e3o estiveram presentes representantes do IFSul, IFRS, Unipampa e UFPel e foi criado o F\u00f3rum Interinstitucional das Institui\u00e7\u00f5es Federais de Ensino da Regi\u00e3o Sul. O f\u00f3rum surge a partir de uma urg\u00eancia no di\u00e1logo e na constru\u00e7\u00e3o de regulamentos, normativas e procedimentos ao que tange ao ingresso e perman\u00eancia das pessoas com defici\u00eancia, negras, ind\u00edgenas, quilombolas e LGBTQIA+.<\/p>\n<p>O F\u00f3rum contar\u00e1 com portaria de indica\u00e7\u00e3o de representa\u00e7\u00e3o de cada institui\u00e7\u00e3o e ter\u00e1 reuni\u00f5es mensais tratando de tem\u00e1ticas como: ingresso e perman\u00eancia, processo seletivo especial para estudantes ind\u00edgenas e quilombolas, bancas biopsicossociais para pessoas com defici\u00eancia, bancas de heteroidentifica\u00e7\u00e3o, bancas para pessoas transexuais e travestis, combate ao racismo, machismo, homolesbotransfobia, sexismo, misoginia e ass\u00e9dio.<\/p>\n<p><img class=\"alignnone size-medium wp-image-323\" src=\"https:\/\/wp.ufpel.edu.br\/codin\/files\/2024\/10\/WhatsApp-Image-2024-10-07-at-14.50.00-400x300.jpeg\" alt=\"\" width=\"400\" height=\"300\" srcset=\"https:\/\/wp.ufpel.edu.br\/codin\/files\/2024\/10\/WhatsApp-Image-2024-10-07-at-14.50.00-400x300.jpeg 400w, https:\/\/wp.ufpel.edu.br\/codin\/files\/2024\/10\/WhatsApp-Image-2024-10-07-at-14.50.00-1024x768.jpeg 1024w, https:\/\/wp.ufpel.edu.br\/codin\/files\/2024\/10\/WhatsApp-Image-2024-10-07-at-14.50.00-768x576.jpeg 768w, https:\/\/wp.ufpel.edu.br\/codin\/files\/2024\/10\/WhatsApp-Image-2024-10-07-at-14.50.00-1536x1152.jpeg 1536w, https:\/\/wp.ufpel.edu.br\/codin\/files\/2024\/10\/WhatsApp-Image-2024-10-07-at-14.50.00.jpeg 1600w\" sizes=\"(max-width: 400px) 100vw, 400px\" \/><\/p>\n","protected":false},"excerpt":{"rendered":"<p>A Coordena\u00e7\u00e3o de Diversidade e Inclus\u00e3o organizou no dia 2\u00a0de outubro de 2024 uma reuni\u00e3o entre as institui\u00e7\u00f5es federais do Rio grande do Sul visando o come\u00e7o de parcerias entre as IFs. Na ocasi\u00e3o estiveram presentes representantes do IFSul, IFRS, Unipampa e UFPel e foi criado o F\u00f3rum Interinstitucional das Institui\u00e7\u00f5es Federais de Ensino da [&hellip;]<\/p>\n","protected":false},"author":1237,"featured_media":0,"comment_status":"closed","ping_status":"closed","sticky":false,"template":"","format":"standard","meta":{"footnotes":""},"categories":[1],"tags":[],"class_list":["post-321","post","type-post","status-publish","format-standard","hentry","category-noticias"],"jetpack_featured_media_url":"","_links":{"self":[{"href":"https:\/\/wp.ufpel.edu.br\/codin\/wp-json\/wp\/v2\/posts\/321","targetHints":{"allow":["GET"]}}],"collection":[{"href":"https:\/\/wp.ufpel.edu.br\/codin\/wp-json\/wp\/v2\/posts"}],"about":[{"href":"https:\/\/wp.ufpel.edu.br\/codin\/wp-json\/wp\/v2\/types\/post"}],"author":[{"embeddable":true,"href":"https:\/\/wp.ufpel.edu.br\/codin\/wp-json\/wp\/v2\/users\/1237"}],"replies":[{"embeddable":true,"href":"https:\/\/wp.ufpel.edu.br\/codin\/wp-json\/wp\/v2\/comments?post=321"}],"version-history":[{"count":2,"href":"https:\/\/wp.ufpel.edu.br\/codin\/wp-json\/wp\/v2\/posts\/321\/revisions"}],"predecessor-version":[{"id":325,"href":"https:\/\/wp.ufpel.edu.br\/codin\/wp-json\/wp\/v2\/posts\/321\/revisions\/325"}],"wp:attachment":[{"href":"https:\/\/wp.ufpel.edu.br\/codin\/wp-json\/wp\/v2\/media?parent=321"}],"wp:term":[{"taxonomy":"category","embeddable":true,"href":"https:\/\/wp.ufpel.edu.br\/codin\/wp-json\/wp\/v2\/categories?post=321"},{"taxonomy":"post_tag","embeddable":true,"href":"https:\/\/wp.ufpel.edu.br\/codin\/wp-json\/wp\/v2\/tags?post=321"}],"curies":[{"name":"wp","href":"https:\/\/api.w.org\/{rel}","templated":true}]}}