{"id":201,"date":"2023-09-13T15:49:59","date_gmt":"2023-09-13T18:49:59","guid":{"rendered":"https:\/\/wp.ufpel.edu.br\/codin\/?p=201"},"modified":"2023-09-13T15:49:59","modified_gmt":"2023-09-13T18:49:59","slug":"prazo-estendido-de-inscricao-no-edital-9-2023","status":"publish","type":"post","link":"https:\/\/wp.ufpel.edu.br\/codin\/2023\/09\/13\/prazo-estendido-de-inscricao-no-edital-9-2023\/","title":{"rendered":"Prazo estendido de inscri\u00e7\u00e3o no Edital 9\/2023"},"content":{"rendered":"<p>&#8220;DAS INSCRI\u00c7\u00d5ES&#8221;<br \/>\n5.1 As inscri\u00e7\u00f5es ser\u00e3o realizadas atrav\u00e9s do formul\u00e1rio eletr\u00f4nico dispon\u00edvel<br \/>\nem:\u00a0<a href=\"https:\/\/docs.google.com\/forms\/d\/103wf9LnRvkIxC5fUrnrwUBw9B5N3xJx_exUa4hMSojg\/viewform?edit_requested=true\">formul\u00e1rio<\/a><\/p>\n<p>Do dia 11 de setembro de 2023 at\u00e9 dia 14 de setembro de 2023 \u00e0s 23:59<br \/>\nNo formul\u00e1rio dever\u00e3o ser anexados o curr\u00edculo e comprovantes, bem como memorial (no m\u00e1ximo uma p\u00e1gina) descrevendo as motiva\u00e7\u00f5es para atuar em banca de heteroidentifica\u00e7\u00e3o.<\/p>\n<p><strong>Todos os arquivos devem\u00a0estar\u00a0em\u00a0PDF.<\/strong><\/p>\n","protected":false},"excerpt":{"rendered":"<p>&#8220;DAS INSCRI\u00c7\u00d5ES&#8221; 5.1 As inscri\u00e7\u00f5es ser\u00e3o realizadas atrav\u00e9s do formul\u00e1rio eletr\u00f4nico dispon\u00edvel em:\u00a0formul\u00e1rio Do dia 11 de setembro de 2023 at\u00e9 dia 14 de setembro de 2023 \u00e0s 23:59 No formul\u00e1rio dever\u00e3o ser anexados o curr\u00edculo e comprovantes, bem como memorial (no m\u00e1ximo uma p\u00e1gina) descrevendo as motiva\u00e7\u00f5es para atuar em banca de heteroidentifica\u00e7\u00e3o. Todos [&hellip;]<\/p>\n","protected":false},"author":1237,"featured_media":0,"comment_status":"closed","ping_status":"closed","sticky":false,"template":"","format":"standard","meta":{"footnotes":""},"categories":[1],"tags":[],"class_list":["post-201","post","type-post","status-publish","format-standard","hentry","category-noticias"],"jetpack_featured_media_url":"","_links":{"self":[{"href":"https:\/\/wp.ufpel.edu.br\/codin\/wp-json\/wp\/v2\/posts\/201","targetHints":{"allow":["GET"]}}],"collection":[{"href":"https:\/\/wp.ufpel.edu.br\/codin\/wp-json\/wp\/v2\/posts"}],"about":[{"href":"https:\/\/wp.ufpel.edu.br\/codin\/wp-json\/wp\/v2\/types\/post"}],"author":[{"embeddable":true,"href":"https:\/\/wp.ufpel.edu.br\/codin\/wp-json\/wp\/v2\/users\/1237"}],"replies":[{"embeddable":true,"href":"https:\/\/wp.ufpel.edu.br\/codin\/wp-json\/wp\/v2\/comments?post=201"}],"version-history":[{"count":1,"href":"https:\/\/wp.ufpel.edu.br\/codin\/wp-json\/wp\/v2\/posts\/201\/revisions"}],"predecessor-version":[{"id":203,"href":"https:\/\/wp.ufpel.edu.br\/codin\/wp-json\/wp\/v2\/posts\/201\/revisions\/203"}],"wp:attachment":[{"href":"https:\/\/wp.ufpel.edu.br\/codin\/wp-json\/wp\/v2\/media?parent=201"}],"wp:term":[{"taxonomy":"category","embeddable":true,"href":"https:\/\/wp.ufpel.edu.br\/codin\/wp-json\/wp\/v2\/categories?post=201"},{"taxonomy":"post_tag","embeddable":true,"href":"https:\/\/wp.ufpel.edu.br\/codin\/wp-json\/wp\/v2\/tags?post=201"}],"curies":[{"name":"wp","href":"https:\/\/api.w.org\/{rel}","templated":true}]}}