{"id":367,"date":"2017-10-19T18:30:26","date_gmt":"2017-10-19T20:30:26","guid":{"rendered":"https:\/\/wp.ufpel.edu.br\/coctec\/?p=367"},"modified":"2017-10-19T18:55:13","modified_gmt":"2017-10-19T20:55:13","slug":"professores-do-coctec-ministram-oficina-no-esud-em-rio-grande","status":"publish","type":"post","link":"https:\/\/wp.ufpel.edu.br\/coctec\/2017\/10\/19\/professores-do-coctec-ministram-oficina-no-esud-em-rio-grande\/","title":{"rendered":"Professores do CoCTec ministram oficina no ESUD em Rio Grande"},"content":{"rendered":"<div id=\"attachment_369\" style=\"width: 371px\" class=\"wp-caption alignright\"><img data-recalc-dims=\"1\" aria-describedby=\"caption-attachment-369\" data-attachment-id=\"369\" data-permalink=\"https:\/\/wp.ufpel.edu.br\/coctec\/2017\/10\/19\/professores-do-coctec-ministram-oficina-no-esud-em-rio-grande\/whatsapp-image-2017-10-19-at-16-53-57-4\/\" data-orig-file=\"https:\/\/i0.wp.com\/wp.ufpel.edu.br\/coctec\/files\/2017\/10\/WhatsApp-Image-2017-10-19-at-16.53.57-4.jpeg?fit=1024%2C768&amp;ssl=1\" data-orig-size=\"1024,768\" data-comments-opened=\"0\" data-image-meta=\"{&quot;aperture&quot;:&quot;0&quot;,&quot;credit&quot;:&quot;&quot;,&quot;camera&quot;:&quot;&quot;,&quot;caption&quot;:&quot;&quot;,&quot;created_timestamp&quot;:&quot;0&quot;,&quot;copyright&quot;:&quot;&quot;,&quot;focal_length&quot;:&quot;0&quot;,&quot;iso&quot;:&quot;0&quot;,&quot;shutter_speed&quot;:&quot;0&quot;,&quot;title&quot;:&quot;&quot;,&quot;orientation&quot;:&quot;0&quot;}\" data-image-title=\"WhatsApp Image 2017-10-19 at 16.53.57 (4)\" data-image-description=\"\" data-image-caption=\"\" data-medium-file=\"https:\/\/i0.wp.com\/wp.ufpel.edu.br\/coctec\/files\/2017\/10\/WhatsApp-Image-2017-10-19-at-16.53.57-4.jpeg?fit=400%2C300&amp;ssl=1\" data-large-file=\"https:\/\/i0.wp.com\/wp.ufpel.edu.br\/coctec\/files\/2017\/10\/WhatsApp-Image-2017-10-19-at-16.53.57-4.jpeg?fit=1024%2C768&amp;ssl=1\" class=\"wp-image-369\" src=\"https:\/\/i0.wp.com\/wp.ufpel.edu.br\/coctec\/files\/2017\/10\/WhatsApp-Image-2017-10-19-at-16.53.57-4.jpeg?resize=361%2C271&#038;ssl=1\" alt=\"\" width=\"361\" height=\"271\" srcset=\"https:\/\/i0.wp.com\/wp.ufpel.edu.br\/coctec\/files\/2017\/10\/WhatsApp-Image-2017-10-19-at-16.53.57-4.jpeg?resize=400%2C300&amp;ssl=1 400w, https:\/\/i0.wp.com\/wp.ufpel.edu.br\/coctec\/files\/2017\/10\/WhatsApp-Image-2017-10-19-at-16.53.57-4.jpeg?resize=768%2C576&amp;ssl=1 768w, https:\/\/i0.wp.com\/wp.ufpel.edu.br\/coctec\/files\/2017\/10\/WhatsApp-Image-2017-10-19-at-16.53.57-4.jpeg?w=1024&amp;ssl=1 1024w\" sizes=\"(max-width: 361px) 100vw, 361px\" \/><p id=\"caption-attachment-369\" class=\"wp-caption-text\">Participantes do ESUD vieram de v\u00e1rios estados do Brasil<\/p><\/div>\n<p style=\"text-align: justify\"><span style=\"font-size: 12pt\">De 17 a 20 de outubro, a Universidade Federal do Rio Grande (FURG) sedia o <strong>XIV Congresso Brasileiro de Educa\u00e7\u00e3o Superior a Dist\u00e2ncia<\/strong> e o <strong>III Congresso Internacional de Educa\u00e7\u00e3o Superior a Dist\u00e2ncia<\/strong>, o <strong>ESUD 2017<\/strong>. O evento \u00e9 um dos mais conceituados na \u00e1rea de Educa\u00e7\u00e3o a Dist\u00e2ncia, e conta com a participa\u00e7\u00e3o de pesquisadores renomados, como o jornalista e professor espanhol <a href=\"http:\/\/www.palazio.org\/\">Gorka Jakobe Palazio<\/a>, da Universidad do Pa\u00eds Basco (EHU), Espanha, que abriu o congresso com uma palestra sobre <em>e-learning<\/em>. <\/span><\/p>\n<p style=\"text-align: justify\"><span style=\"font-size: 12pt\">Nesta quinta-feira, dia 19, os professores no CoCTec Ros\u00e1ria Sperotto, Christiano \u00c1vila e Carolina Rodeghiero participaram do evento, ministrando a oficina <em><strong>&#8220;Clubes de Computa\u00e7\u00e3o: uma Rede de Aprendizagem&#8221;<\/strong><\/em>. O p\u00fablico, em sua maioria docentes de universidades brasileiras, teve a oportunidade de conhecer os programas do grupo de pesquisa, conceitos de Aprendizagem Criativa e Pensamento Computacional, e colocar a m\u00e3o na massa utilizando o Scratch para criar projetos. Com exce\u00e7\u00e3o de um dos alunos, foi a primeira oportunidade que os presentes tiveram de conhecer a ferramenta e programar em uma linguagem de blocos. A oficina foi tamb\u00e9m uma oportunidade para o CoCTec trabalhar com as <em>Scratch Cards<\/em> &#8211; as cartas do Scratch &#8211; em sua vers\u00e3o em Portugu\u00eas. O material j\u00e1 havia sido utilizado na \u00c1frica do Sul, por\u00e9m recentemente o MIT Media Lab disponibilizou o material em outros idiomas, e esta foi a primeira vez que o grupo de pesquisa teve a oportunidade de utiliz\u00e1-lo com um p\u00fablico iniciante em programa\u00e7\u00e3o.\u00a0<\/span><\/p>\n<p style=\"text-align: justify\">\n","protected":false},"excerpt":{"rendered":"<p>De 17 a 20 de outubro, a Universidade Federal do Rio Grande (FURG) sedia o XIV Congresso Brasileiro de Educa\u00e7\u00e3o Superior a Dist\u00e2ncia e o III Congresso Internacional de Educa\u00e7\u00e3o Superior a Dist\u00e2ncia, o ESUD 2017. O evento \u00e9 um dos mais conceituados na \u00e1rea de Educa\u00e7\u00e3o a Dist\u00e2ncia, e conta com a participa\u00e7\u00e3o de [&hellip;]<\/p>\n","protected":false},"author":786,"featured_media":0,"comment_status":"closed","ping_status":"closed","sticky":false,"template":"","format":"standard","meta":{"jetpack_post_was_ever_published":false,"_jetpack_newsletter_access":"","_jetpack_dont_email_post_to_subs":false,"_jetpack_newsletter_tier_id":0,"_jetpack_memberships_contains_paywalled_content":false,"_jetpack_memberships_contains_paid_content":false,"footnotes":"","jetpack_publicize_message":"","jetpack_publicize_feature_enabled":true,"jetpack_social_post_already_shared":true,"jetpack_social_options":{"image_generator_settings":{"template":"highway","default_image_id":0,"font":"","enabled":false},"version":2}},"categories":[1],"tags":[],"class_list":["post-367","post","type-post","status-publish","format-standard","hentry","category-noticias"],"jetpack_publicize_connections":[],"jetpack_featured_media_url":"","jetpack_sharing_enabled":true,"jetpack_shortlink":"https:\/\/wp.me\/p9i9If-5V","jetpack_likes_enabled":true,"jetpack-related-posts":[],"_links":{"self":[{"href":"https:\/\/wp.ufpel.edu.br\/coctec\/wp-json\/wp\/v2\/posts\/367","targetHints":{"allow":["GET"]}}],"collection":[{"href":"https:\/\/wp.ufpel.edu.br\/coctec\/wp-json\/wp\/v2\/posts"}],"about":[{"href":"https:\/\/wp.ufpel.edu.br\/coctec\/wp-json\/wp\/v2\/types\/post"}],"author":[{"embeddable":true,"href":"https:\/\/wp.ufpel.edu.br\/coctec\/wp-json\/wp\/v2\/users\/786"}],"replies":[{"embeddable":true,"href":"https:\/\/wp.ufpel.edu.br\/coctec\/wp-json\/wp\/v2\/comments?post=367"}],"version-history":[{"count":7,"href":"https:\/\/wp.ufpel.edu.br\/coctec\/wp-json\/wp\/v2\/posts\/367\/revisions"}],"predecessor-version":[{"id":377,"href":"https:\/\/wp.ufpel.edu.br\/coctec\/wp-json\/wp\/v2\/posts\/367\/revisions\/377"}],"wp:attachment":[{"href":"https:\/\/wp.ufpel.edu.br\/coctec\/wp-json\/wp\/v2\/media?parent=367"}],"wp:term":[{"taxonomy":"category","embeddable":true,"href":"https:\/\/wp.ufpel.edu.br\/coctec\/wp-json\/wp\/v2\/categories?post=367"},{"taxonomy":"post_tag","embeddable":true,"href":"https:\/\/wp.ufpel.edu.br\/coctec\/wp-json\/wp\/v2\/tags?post=367"}],"curies":[{"name":"wp","href":"https:\/\/api.w.org\/{rel}","templated":true}]}}