{"id":459,"date":"2018-04-12T11:33:22","date_gmt":"2018-04-12T14:33:22","guid":{"rendered":"https:\/\/wp.ufpel.edu.br\/clmd\/?p=459"},"modified":"2018-04-12T11:33:22","modified_gmt":"2018-04-12T14:33:22","slug":"horario-das-entrevistas-para-o-edital-no-01-2018-tutor-presencial-clmd-uab-cped-ufpel","status":"publish","type":"post","link":"https:\/\/wp.ufpel.edu.br\/clmd\/2018\/04\/12\/horario-das-entrevistas-para-o-edital-no-01-2018-tutor-presencial-clmd-uab-cped-ufpel\/","title":{"rendered":"HOR\u00c1RIO DAS ENTREVISTAS para o EDITAL N\u00ba 01\/2018 \u2013 TUTOR PRESENCIAL \u2013 CLMD\/UAB\/CPED\/UFPEL"},"content":{"rendered":"<p>A Coordena\u00e7\u00e3o da Universidade Aberta do Brasil da Universidade Federal de Pelotas (UAB\/UFPEL) e Coordena\u00e7\u00e3o de Programas de Educa\u00e7\u00e3o a Dist\u00e2ncia (CPED\/UFPEL) tornam p\u00fablica divulga\u00e7\u00e3o da <strong>HOR\u00c1RIO das ENTREVISTAS<\/strong>\u00a0 para o EDITAL N\u00ba 01\/2018 \u2013 TUTOR PRESENCIAL \u2013 CLMD\/UAB\/CPED\/UFPEL.<\/p>\n<p>Os candidatos a serem entrevistados dever\u00e3o comparecer na secretaria do polo de sua cidade 30 (trinta) minutos antes do hor\u00e1rio de sua entrevista, a fim de entregarem as c\u00f3pias f\u00edsicas de seu Curr\u00edculo Lattes e demais documenta\u00e7\u00f5es listadas no item 5.6 do Edital 01\/2018, para que tais c\u00f3pias sejam atestadas com o documento original apresentado ao secret\u00e1rio ou Coordenador do Polo que ir\u00e1 receb\u00ea-los.<br \/>\nO candidato dever\u00e1 apresentar tamb\u00e9m os anexos originais do edital, como Ficha de Inscri\u00e7\u00e3o e Carta de Inten\u00e7\u00e3o.<\/p>\n<p><a href=\"https:\/\/wp.ufpel.edu.br\/clmd\/files\/2018\/04\/2018-Edital_01_TUTOR-PRESENCIAL-CLMD-Horario-Entrevista.pdf\">2018 Edital_01_TUTOR PRESENCIAL CLMD &#8211; Horario Entrevista<\/a><\/p>\n","protected":false},"excerpt":{"rendered":"<p>A Coordena\u00e7\u00e3o da Universidade Aberta do Brasil da Universidade Federal de Pelotas (UAB\/UFPEL) e Coordena\u00e7\u00e3o de Programas de Educa\u00e7\u00e3o a Dist\u00e2ncia (CPED\/UFPEL) tornam p\u00fablica divulga\u00e7\u00e3o da HOR\u00c1RIO das ENTREVISTAS\u00a0 para o EDITAL N\u00ba 01\/2018 \u2013 TUTOR PRESENCIAL \u2013 CLMD\/UAB\/CPED\/UFPEL. Os candidatos a serem entrevistados dever\u00e3o comparecer na secretaria do polo de sua cidade 30 (trinta) [&hellip;]<\/p>\n","protected":false},"author":710,"featured_media":0,"comment_status":"closed","ping_status":"closed","sticky":false,"template":"","format":"standard","meta":{"footnotes":""},"categories":[1],"tags":[],"class_list":["post-459","post","type-post","status-publish","format-standard","hentry","category-noticias"],"jetpack_featured_media_url":"","_links":{"self":[{"href":"https:\/\/wp.ufpel.edu.br\/clmd\/wp-json\/wp\/v2\/posts\/459","targetHints":{"allow":["GET"]}}],"collection":[{"href":"https:\/\/wp.ufpel.edu.br\/clmd\/wp-json\/wp\/v2\/posts"}],"about":[{"href":"https:\/\/wp.ufpel.edu.br\/clmd\/wp-json\/wp\/v2\/types\/post"}],"author":[{"embeddable":true,"href":"https:\/\/wp.ufpel.edu.br\/clmd\/wp-json\/wp\/v2\/users\/710"}],"replies":[{"embeddable":true,"href":"https:\/\/wp.ufpel.edu.br\/clmd\/wp-json\/wp\/v2\/comments?post=459"}],"version-history":[{"count":1,"href":"https:\/\/wp.ufpel.edu.br\/clmd\/wp-json\/wp\/v2\/posts\/459\/revisions"}],"predecessor-version":[{"id":462,"href":"https:\/\/wp.ufpel.edu.br\/clmd\/wp-json\/wp\/v2\/posts\/459\/revisions\/462"}],"wp:attachment":[{"href":"https:\/\/wp.ufpel.edu.br\/clmd\/wp-json\/wp\/v2\/media?parent=459"}],"wp:term":[{"taxonomy":"category","embeddable":true,"href":"https:\/\/wp.ufpel.edu.br\/clmd\/wp-json\/wp\/v2\/categories?post=459"},{"taxonomy":"post_tag","embeddable":true,"href":"https:\/\/wp.ufpel.edu.br\/clmd\/wp-json\/wp\/v2\/tags?post=459"}],"curies":[{"name":"wp","href":"https:\/\/api.w.org\/{rel}","templated":true}]}}