{"id":2364,"date":"2025-03-06T21:19:07","date_gmt":"2025-03-07T00:19:07","guid":{"rendered":"https:\/\/wp.ufpel.edu.br\/clhd\/?p=2364"},"modified":"2025-03-06T22:19:44","modified_gmt":"2025-03-07T01:19:44","slug":"tutor-a-distancia-edital-08-2025-homologacao-das-inscricoes-resultado-parcial","status":"publish","type":"post","link":"https:\/\/wp.ufpel.edu.br\/clhd\/2025\/03\/06\/tutor-a-distancia-edital-08-2025-homologacao-das-inscricoes-resultado-parcial\/","title":{"rendered":"TUTOR \u00c0 DIST\u00c2NCIA \u2013 Edital 08\/2025. Homologa\u00e7\u00e3o das inscri\u00e7\u00f5es. Resultado parcial"},"content":{"rendered":"<p class=\"Standard\" style=\"margin-top: 3.0pt; line-height: 15.0pt;\"><span style=\"font-size: 14.0pt; font-family: 'Roboto\\, Arial\\, sans-serif'; color: #202124; background: #F8F9FA;\">O CLHD torna p\u00fablica a rela\u00e7\u00e3o das inscri\u00e7\u00f5es das inscri\u00e7\u00f5es do processo seletivo regido pelo Edital 08\/2025 &#8211; Tutoria \u00e0 Dist\u00e2ncia,\u00a0 conforme cronograma previsto no respectivo Edital.<\/span><\/p>\n<table style=\"width: 507px;\" width=\"385\">\n<tbody>\n<tr>\n<td style=\"width: 308px;\" width=\"240\">Candidatos<\/td>\n<td style=\"width: 199px;\" width=\"145\">Homologa\u00e7\u00e3o<\/td>\n<\/tr>\n<tr>\n<td style=\"width: 308px;\" width=\"240\">1.\u00a0 \u00a0Andri\u00e9li Gmach<\/td>\n<td style=\"width: 199px;\" width=\"145\">N\u00e3o homologada*<\/td>\n<\/tr>\n<tr>\n<td style=\"width: 308px;\" width=\"240\">2.\u00a0 Bruno Barth Raymundo<\/td>\n<td style=\"width: 199px;\" width=\"145\">N\u00e3o homologada*<\/td>\n<\/tr>\n<tr>\n<td style=\"width: 308px;\" width=\"240\">3.\u00a0 Darlise Gon\u00e7alves de Gon\u00e7alves<\/td>\n<td style=\"width: 199px;\" width=\"145\">Homologada<\/td>\n<\/tr>\n<tr>\n<td style=\"width: 308px;\" width=\"240\">4.\u00a0 Fabricio da Silva Mota<\/td>\n<td style=\"width: 199px;\" width=\"145\">N\u00e3o homologada**<\/td>\n<\/tr>\n<tr>\n<td style=\"width: 308px;\" width=\"240\">5. Fernanda de Medeiros Cunha<\/td>\n<td style=\"width: 199px;\" width=\"145\">Homologada<\/td>\n<\/tr>\n<tr>\n<td style=\"width: 308px;\" width=\"240\">6. Hanica Diniz Pereira<\/td>\n<td style=\"width: 199px;\" width=\"145\">Homologada<\/td>\n<\/tr>\n<tr>\n<td style=\"width: 308px;\" width=\"240\">7.\u00a0 Ignacio Fornos Angues<\/td>\n<td style=\"width: 199px;\" width=\"145\">N\u00e3o homologada*<\/td>\n<\/tr>\n<tr>\n<td style=\"width: 308px;\" width=\"240\">8. Isolete Beatriz Wolfart Lindemann<\/td>\n<td style=\"width: 199px;\" width=\"145\">N\u00e3o homologada*<\/td>\n<\/tr>\n<tr>\n<td style=\"width: 308px;\" width=\"240\">9. Jo\u00e3o Gomes Braatz<\/td>\n<td style=\"width: 199px;\" width=\"145\">Homologada<\/td>\n<\/tr>\n<tr>\n<td style=\"width: 308px;\" width=\"240\">10. Josu\u00e9 Eicholz<\/td>\n<td style=\"width: 199px;\" width=\"145\">Homologada<\/td>\n<\/tr>\n<tr>\n<td style=\"width: 308px;\" width=\"240\">11.\u00a0 Leandro Braz da Costa<\/td>\n<td style=\"width: 199px;\" width=\"145\">N\u00e3o homologada***<\/td>\n<\/tr>\n<tr>\n<td style=\"width: 308px;\" width=\"240\">12.\u00a0 Leonardo Silva Amaral<\/td>\n<td style=\"width: 199px;\" width=\"145\">N\u00e3o homologada***<\/td>\n<\/tr>\n<tr>\n<td style=\"width: 308px;\" width=\"240\">13.\u00a0 Mariuza Toledo Pinheiro<\/td>\n<td style=\"width: 199px;\" width=\"145\">Homologada<\/td>\n<\/tr>\n<tr>\n<td style=\"width: 308px;\" width=\"240\">14.\u00a0 Patr\u00edcia Schneid Altenburg<\/td>\n<td style=\"width: 199px;\" width=\"145\">N\u00e3o homologada*<\/td>\n<\/tr>\n<tr>\n<td style=\"width: 308px;\" width=\"240\">15.\u00a0 Simone Chik\u00e1<\/td>\n<td style=\"width: 199px;\" width=\"145\">N\u00e3o homologada*<\/td>\n<\/tr>\n<tr>\n<td style=\"width: 308px;\" width=\"240\">16.\u00a0 Tamara Juriatti<\/td>\n<td style=\"width: 199px;\" width=\"145\">Homologada<\/td>\n<\/tr>\n<\/tbody>\n<\/table>\n<p class=\"Standard\" style=\"margin-top: 3.0pt; line-height: 15.0pt;\"><span style=\"font-size: 14.0pt; font-family: 'Roboto\\, Arial\\, sans-serif'; color: #202124; background: #F8F9FA;\">\u00a0<\/span><strong>*\u00a0\u00a0\u00a0 dist\u00e2ncia da sede<\/strong><\/p>\n<p><strong>**\u00a0 preenchimento tabela (anexoI)<\/strong><\/p>\n<p><strong>***comprovante de endere\u00e7o<\/strong><\/p>\n<p class=\"Standard\" style=\"margin-top: 3.0pt; line-height: 15.0pt;\">Conforme as regras do Edital, os candidatos que n\u00e3o tiveram a sua inscri\u00e7\u00e3o homologada ter\u00e3o o prazo de 05 dias uteis, a contar da homologa\u00e7\u00e3o do resultado parcial, para recorrer da decis\u00e3o. Maiores informa\u00e7\u00f5es, entrar em contato pelo e-mail\u00a0<a href=\"mailto:historia.uab.ufpel@gmail.com\">historia.uab.ufpel@gmail.com<\/a><\/p>\n","protected":false},"excerpt":{"rendered":"<p>O CLHD torna p\u00fablica a rela\u00e7\u00e3o das inscri\u00e7\u00f5es das inscri\u00e7\u00f5es do processo seletivo regido pelo Edital 08\/2025 &#8211; Tutoria \u00e0 Dist\u00e2ncia,\u00a0 conforme cronograma previsto no respectivo Edital. Candidatos Homologa\u00e7\u00e3o 1.\u00a0 \u00a0Andri\u00e9li Gmach N\u00e3o homologada* 2.\u00a0 Bruno Barth Raymundo N\u00e3o homologada* 3.\u00a0 Darlise Gon\u00e7alves de Gon\u00e7alves Homologada 4.\u00a0 Fabricio da Silva Mota N\u00e3o homologada** 5. Fernanda [&hellip;]<\/p>\n","protected":false},"author":1090,"featured_media":0,"comment_status":"closed","ping_status":"closed","sticky":false,"template":"","format":"standard","meta":{"footnotes":""},"categories":[1],"tags":[],"class_list":["post-2364","post","type-post","status-publish","format-standard","hentry","category-noticias"],"jetpack_featured_media_url":"","_links":{"self":[{"href":"https:\/\/wp.ufpel.edu.br\/clhd\/wp-json\/wp\/v2\/posts\/2364","targetHints":{"allow":["GET"]}}],"collection":[{"href":"https:\/\/wp.ufpel.edu.br\/clhd\/wp-json\/wp\/v2\/posts"}],"about":[{"href":"https:\/\/wp.ufpel.edu.br\/clhd\/wp-json\/wp\/v2\/types\/post"}],"author":[{"embeddable":true,"href":"https:\/\/wp.ufpel.edu.br\/clhd\/wp-json\/wp\/v2\/users\/1090"}],"replies":[{"embeddable":true,"href":"https:\/\/wp.ufpel.edu.br\/clhd\/wp-json\/wp\/v2\/comments?post=2364"}],"version-history":[{"count":3,"href":"https:\/\/wp.ufpel.edu.br\/clhd\/wp-json\/wp\/v2\/posts\/2364\/revisions"}],"predecessor-version":[{"id":2377,"href":"https:\/\/wp.ufpel.edu.br\/clhd\/wp-json\/wp\/v2\/posts\/2364\/revisions\/2377"}],"wp:attachment":[{"href":"https:\/\/wp.ufpel.edu.br\/clhd\/wp-json\/wp\/v2\/media?parent=2364"}],"wp:term":[{"taxonomy":"category","embeddable":true,"href":"https:\/\/wp.ufpel.edu.br\/clhd\/wp-json\/wp\/v2\/categories?post=2364"},{"taxonomy":"post_tag","embeddable":true,"href":"https:\/\/wp.ufpel.edu.br\/clhd\/wp-json\/wp\/v2\/tags?post=2364"}],"curies":[{"name":"wp","href":"https:\/\/api.w.org\/{rel}","templated":true}]}}