{"id":1684,"date":"2024-01-10T19:19:05","date_gmt":"2024-01-10T22:19:05","guid":{"rendered":"https:\/\/wp.ufpel.edu.br\/clhd\/?p=1684"},"modified":"2024-01-10T19:19:05","modified_gmt":"2024-01-10T22:19:05","slug":"calendario-academico-2024-01","status":"publish","type":"post","link":"https:\/\/wp.ufpel.edu.br\/clhd\/2024\/01\/10\/calendario-academico-2024-01\/","title":{"rendered":"Calend\u00e1rio Acad\u00eamico 2024\/01"},"content":{"rendered":"<div class=\"cobalto-calendario-mes\"><strong>JANEIRO \/ 2024<\/strong><\/div>\n<div class=\"cobalto-calendario-linha cobalto-calendario-linha-impar\"><span class=\"cobalto-calendario-dia\"><strong>01 Segunda<\/strong><\/span><span class=\"cobalto-calendario-descricao\">Feriado: Confraterniza\u00e7\u00e3o Universal<\/span><\/div>\n<div><\/div>\n<div><\/div>\n<div><strong>FEVEREIRO \/ 2024<\/strong><\/div>\n<div>\n<div class=\"cobalto-calendario-linha cobalto-calendario-linha-par\"><span class=\"cobalto-calendario-dia\"><strong>22 Quinta <\/strong><\/span><span class=\"cobalto-calendario-descricao\"><a href=\"https:\/\/wp.ufpel.edu.br\/cra\/informacoes-academicas\/rematricula\/\">IN\u00cdCIO: Per\u00edodo de solicita\u00e7\u00e3o de rematr\u00edcula online 2024\/1.<\/a><\/span><\/div>\n<div><\/div>\n<div class=\"cobalto-calendario-linha cobalto-calendario-linha-par\"><span class=\"cobalto-calendario-dia\"><strong>27 Ter\u00e7a <\/strong><\/span><span class=\"cobalto-calendario-descricao\"><a href=\"https:\/\/wp.ufpel.edu.br\/cra\/informacoes-academicas\/rematricula\/\">FIM: Per\u00edodo de solicita\u00e7\u00e3o de rematr\u00edcula online 2024\/1.<\/a><\/span><\/div>\n<\/div>\n<div><\/div>\n<div><\/div>\n<div>\n<div class=\"cobalto-calendario-mes\"><strong>MAR\u00c7O \/ 2024<\/strong><\/div>\n<div class=\"cobalto-calendario-linha cobalto-calendario-linha-impar\"><span class=\"cobalto-calendario-dia\"><strong>01 Sexta <\/strong><\/span><span class=\"cobalto-calendario-descricao\">IN\u00cdCIO: Per\u00edodo de solicita\u00e7\u00e3o de corre\u00e7\u00e3o de matr\u00edcula 2024\/1 no Sistema Acad\u00eamico Cobalto.<\/span><\/div>\n<div><\/div>\n<div class=\"cobalto-calendario-linha cobalto-calendario-linha-par\"><span class=\"cobalto-calendario-dia\"><strong>04 Segunda<\/strong><\/span><span class=\"cobalto-calendario-descricao\">FIM: Per\u00edodo de solicita\u00e7\u00e3o de corre\u00e7\u00e3o de matr\u00edcula 2024\/1 no Sistema Acad\u00eamico Cobalto.<\/span><\/div>\n<div><\/div>\n<div class=\"cobalto-calendario-linha cobalto-calendario-linha-impar\"><span class=\"cobalto-calendario-dia\"><strong>05 Ter\u00e7a<\/strong><\/span><span class=\"cobalto-calendario-descricao\">IN\u00cdCIO: per\u00edodo de homologa\u00e7\u00e3o das solicita\u00e7\u00f5es de corre\u00e7\u00e3o de rematr\u00edcula 2024\/1 \u2013 Colegiado.<\/span><\/div>\n<div><\/div>\n<div class=\"cobalto-calendario-linha cobalto-calendario-linha-par\"><span class=\"cobalto-calendario-dia\"><strong>15 Sexta <\/strong><\/span><span class=\"cobalto-calendario-descricao\">FIM: per\u00edodo de homologa\u00e7\u00e3o das solicita\u00e7\u00f5es de corre\u00e7\u00e3o de rematr\u00edcula 2024\/1 \u2013 Colegiado.<\/span><\/div>\n<div><\/div>\n<div class=\"cobalto-calendario-linha cobalto-calendario-linha-impar\"><span class=\"cobalto-calendario-dia\"><strong>18 Segunda <\/strong><\/span><em><span class=\"cobalto-calendario-descricao\">In\u00edcio do semestre letivo 2024\/1.<\/span><\/em><\/div>\n<div><\/div>\n<div class=\"cobalto-calendario-linha cobalto-calendario-linha-par\"><span class=\"cobalto-calendario-dia\"><strong>29 Sexta <\/strong><\/span><span class=\"cobalto-calendario-descricao\">Feriado: Sexta-Feira Santa<\/span><\/div>\n<div><\/div>\n<div class=\"cobalto-calendario-linha cobalto-calendario-linha-impar\"><span class=\"cobalto-calendario-dia\"><strong>30 S\u00e1bado <\/strong><\/span><span class=\"cobalto-calendario-descricao\">Ponto Facultativo<\/span><\/div>\n<div><\/div>\n<div class=\"cobalto-calendario-linha cobalto-calendario-linha-par\"><span class=\"cobalto-calendario-dia\"><strong>31 Domingo <\/strong><\/span><span class=\"cobalto-calendario-descricao\">Feriado: P\u00e1scoa<\/span><\/div>\n<\/div>\n<div><\/div>\n<div><\/div>\n<div><strong>MAIO \/ 2024<\/strong><\/div>\n<div>\n<div class=\"cobalto-calendario-linha cobalto-calendario-linha-impar\"><span class=\"cobalto-calendario-dia\"><strong>1 Quarta <\/strong><\/span><span class=\"cobalto-calendario-descricao\">Feriado: Dia do Trabalhador<\/span><\/div>\n<div><\/div>\n<div class=\"cobalto-calendario-linha cobalto-calendario-linha-par\"><span class=\"cobalto-calendario-dia\"><strong>06 Segunda <\/strong><\/span><span class=\"cobalto-calendario-descricao\">In\u00edcio do per\u00edodo para os discentes se cadastrarem como prov\u00e1veis formandos 2024\/1 no Sistema Acad\u00eamico.<\/span><\/div>\n<div><\/div>\n<div class=\"cobalto-calendario-linha cobalto-calendario-linha-impar\"><span class=\"cobalto-calendario-dia\"><strong>30 Quinta <\/strong><\/span><span class=\"cobalto-calendario-descricao\">Feriado: Corpus Christi<\/span><\/div>\n<div><\/div>\n<\/div>\n<div><\/div>\n<div>\n<div class=\"cobalto-calendario-mes\"><strong>JUNHO \/ 2024<\/strong><\/div>\n<div class=\"cobalto-calendario-linha cobalto-calendario-linha-par\"><span class=\"cobalto-calendario-dia\"><strong>10 Segunda <\/strong><\/span><span class=\"cobalto-calendario-descricao\">In\u00edcio do per\u00edodo de avalia\u00e7\u00e3o de componentes curriculares (disciplinas) 2024\/1 (avalia\u00e7\u00e3o realizada pelos discentes no Sistema Acad\u00eamico<\/span><\/div>\n<\/div>\n<div><\/div>\n<div><\/div>\n<div>\n<div class=\"cobalto-calendario-mes\"><strong>JULHO \/ 2024<\/strong><\/div>\n<div class=\"cobalto-calendario-linha cobalto-calendario-linha-par\"><span class=\"cobalto-calendario-dia\"><strong>19 Sexta <\/strong><\/span><span class=\"cobalto-calendario-descricao\">Fim do per\u00edodo para os discentes se cadastrarem como prov\u00e1veis formandos 2024\/1 no Sistema Acad\u00eamico.<\/span><\/div>\n<div class=\"cobalto-calendario-linha cobalto-calendario-linha-par\"><span class=\"cobalto-calendario-descricao\">Data limite para os colegiados cadastrarem novas formaturas 2024\/1 no Sistema.<\/span><\/div>\n<div><\/div>\n<div class=\"cobalto-calendario-linha cobalto-calendario-linha-impar\"><span class=\"cobalto-calendario-dia\"><strong>20 S\u00e1bado <\/strong><\/span><span class=\"cobalto-calendario-descricao\">\u00daltimo dia letivo de 2024\/1.<\/span><\/div>\n<div><\/div>\n<div class=\"cobalto-calendario-linha cobalto-calendario-linha-par\"><span class=\"cobalto-calendario-dia\"><strong>22 Segunda <\/strong><\/span><span class=\"cobalto-calendario-descricao\">IN\u00cdCIO: Per\u00edodo de exames 2024\/1.<\/span><\/div>\n<div><\/div>\n<div class=\"cobalto-calendario-linha cobalto-calendario-linha-impar\"><span class=\"cobalto-calendario-dia\"><strong>27 S\u00e1bado<\/strong><\/span><span class=\"cobalto-calendario-descricao\">FIM: Per\u00edodo de exames 2024\/1.<\/span><\/div>\n<\/div>\n<div><\/div>\n<div>Confira o calend\u00e1rio no site da CRA:<\/div>\n<div><\/div>\n<div><a href=\"https:\/\/wp.ufpel.edu.br\/cra\/calendarios-academicos\/calendario-academico-2024-cursos-ead\/\">https:\/\/wp.ufpel.edu.br\/cra\/calendarios-academicos\/calendario-academico-2024-cursos-ead\/<\/a><\/div>\n<div>\n<div><\/div>\n<\/div>\n","protected":false},"excerpt":{"rendered":"<p>JANEIRO \/ 2024 01 SegundaFeriado: Confraterniza\u00e7\u00e3o Universal FEVEREIRO \/ 2024 22 Quinta IN\u00cdCIO: Per\u00edodo de solicita\u00e7\u00e3o de rematr\u00edcula online 2024\/1. 27 Ter\u00e7a FIM: Per\u00edodo de solicita\u00e7\u00e3o de rematr\u00edcula online 2024\/1. MAR\u00c7O \/ 2024 01 Sexta IN\u00cdCIO: Per\u00edodo de solicita\u00e7\u00e3o de corre\u00e7\u00e3o de matr\u00edcula 2024\/1 no Sistema Acad\u00eamico Cobalto. 04 SegundaFIM: Per\u00edodo de solicita\u00e7\u00e3o de corre\u00e7\u00e3o [&hellip;]<\/p>\n","protected":false},"author":1090,"featured_media":0,"comment_status":"closed","ping_status":"closed","sticky":false,"template":"","format":"standard","meta":{"footnotes":""},"categories":[1],"tags":[],"class_list":["post-1684","post","type-post","status-publish","format-standard","hentry","category-noticias"],"jetpack_featured_media_url":"","_links":{"self":[{"href":"https:\/\/wp.ufpel.edu.br\/clhd\/wp-json\/wp\/v2\/posts\/1684","targetHints":{"allow":["GET"]}}],"collection":[{"href":"https:\/\/wp.ufpel.edu.br\/clhd\/wp-json\/wp\/v2\/posts"}],"about":[{"href":"https:\/\/wp.ufpel.edu.br\/clhd\/wp-json\/wp\/v2\/types\/post"}],"author":[{"embeddable":true,"href":"https:\/\/wp.ufpel.edu.br\/clhd\/wp-json\/wp\/v2\/users\/1090"}],"replies":[{"embeddable":true,"href":"https:\/\/wp.ufpel.edu.br\/clhd\/wp-json\/wp\/v2\/comments?post=1684"}],"version-history":[{"count":1,"href":"https:\/\/wp.ufpel.edu.br\/clhd\/wp-json\/wp\/v2\/posts\/1684\/revisions"}],"predecessor-version":[{"id":1686,"href":"https:\/\/wp.ufpel.edu.br\/clhd\/wp-json\/wp\/v2\/posts\/1684\/revisions\/1686"}],"wp:attachment":[{"href":"https:\/\/wp.ufpel.edu.br\/clhd\/wp-json\/wp\/v2\/media?parent=1684"}],"wp:term":[{"taxonomy":"category","embeddable":true,"href":"https:\/\/wp.ufpel.edu.br\/clhd\/wp-json\/wp\/v2\/categories?post=1684"},{"taxonomy":"post_tag","embeddable":true,"href":"https:\/\/wp.ufpel.edu.br\/clhd\/wp-json\/wp\/v2\/tags?post=1684"}],"curies":[{"name":"wp","href":"https:\/\/api.w.org\/{rel}","templated":true}]}}