{"id":157,"date":"2021-06-01T12:14:56","date_gmt":"2021-06-01T15:14:56","guid":{"rendered":"https:\/\/wp.ufpel.edu.br\/clhd\/?p=157"},"modified":"2021-06-01T12:14:56","modified_gmt":"2021-06-01T15:14:56","slug":"colecao-viver-e-morrer-na-peste-vol-1-epidemia-na-historia-e-book-para-baixar","status":"publish","type":"post","link":"https:\/\/wp.ufpel.edu.br\/clhd\/2021\/06\/01\/colecao-viver-e-morrer-na-peste-vol-1-epidemia-na-historia-e-book-para-baixar\/","title":{"rendered":"Cole\u00e7\u00e3o Viver e Morrer na Peste &#8211; Vol. 1: Epidemia na hist\u00f3ria (e-book) para baixar"},"content":{"rendered":"<p>EPIDEMIA NA HIST\u00d3RIA<\/p>\n<p>Cole\u00e7\u00e3o Viver e Morrer na Peste &#8211; Vol. 1: Epidemia na hist\u00f3ria (e-book)<br \/>\nANO DE PUBLICA\u00c7\u00c3O: 2021<br \/>\nAUTOR(ES): F\u00c1BIO VERGARA CERQUEIRA, GUNTER AXT, RENATA BRAUNER FERREIRA (ORGS.); F\u00c1BIO VERGARA CERQUEIRA (COORD. DA COLE\u00c7\u00c3O)<\/p>\n<p>Lan\u00e7amento dos dois primeiros volumes da trilogia VIVER E MORRER NA PESTE, editada pela Editora da UFPel.<br \/>\nO primeiro volume, Epidemia na Hist\u00f3ria, foi organizado por F\u00e1bio Vergara Cerqueira (Professor do CLHD), Gunter Axt e Renata Brauner Ferreira, e conta com a colabora\u00e7\u00e3o de trinta autores.<br \/>\nA obra aborda o tema das pandemias do Antigo Oriente at\u00e9 a contemporaneidade, da mal\u00e1ria no Egito \u00e0 AIDS no Brasil.<br \/>\nOs textos foram concebidos para ser uma obra acess\u00edvel tamb\u00e9m ao leitor n\u00e3o acad\u00eamico, ao p\u00fablico em geral.<br \/>\nSum\u00e1rio<br \/>\nPr\u00f3logo. A epidemia na Hist\u00f3ria &#8211; Pedro Paulo Abreu Funari<br \/>\nIntrodu\u00e7\u00e3o. Epidemias no curso da Hist\u00f3ria: sobre o viver antes, durante e depois das pestes &#8211; F\u00e1bio Vergara Cerqueira, Gunter Axt,<br \/>\nRenata Brauner Ferreira<br \/>\n1. Epidemia no Princ\u00edpio da Hist\u00f3ria: isolamento social na Mesopot\u00e2mia &#8211; Katia Maria Paim Pozzer<br \/>\n2. Uma peste anual que vem ap\u00f3s a inunda\u00e7\u00e3o: a mal\u00e1ria no Egito antigo &#8211; Moacir Elias Santos<br \/>\n3. Doen\u00e7as e epidemias na China Antiga: o \u2018Neijing\u2019 e uma hist\u00f3ria milenar de aprendizado m\u00e9dico &#8211; Andr\u00e9 Bueno<br \/>\n4. A peste nos mitos gregos: castigo divino e a\u00e7\u00e3o humana &#8211; Artur Costrino<br \/>\n5. Da doen\u00e7a ao colapso c\u00edvico: a epidemia em Atenas (430-426 a.C.) &#8211; F\u00e9lix J\u00e1come<br \/>\n6. As pestes em Roma e o Teatro da Morte: lugar-comum e mortic\u00ednio em T\u00e1cito, Suet\u00f4nio e Tito L\u00edvio &#8211; Alexandre Agnolon<br \/>\n7. Jesus e a cura do leproso. O ambiente hist\u00f3rico-religioso da lepra na antiga Bacia Mediterr\u00e2nica &#8211; Andr\u00e9 L. Chevitarese, Juliana B. Cavalcanti<br \/>\n8. O apogeu do Imp\u00e9rio Romano maculado por uma peste: considera\u00e7\u00f5es sobre a Peste Antonina (165-180 d.C.) &#8211; Deivid Valerio Gaia<br \/>\n9. Peste Negra e o imagin\u00e1rio da doen\u00e7a no Ocidente &#8211; Maria Let\u00edcia Mazzucchi Ferreira<br \/>\n10. Florestas, desertos e contextos epid\u00eamicos na \u00c1frica Subsaariana (s\u00e9culos XIV-XVII) &#8211; Jos\u00e9 Rivair Macedo<br \/>\n11. Epidemias e convers\u00e3o no Novo Mundo durante o s\u00e9culo XVI &#8211; Maria Berbara<br \/>\n12. O c\u00f3lera e a Sociedade Portuguesa de Benefic\u00eancia no extremo sul do Brasil (1880 &#8211; 1886) &#8211; Larissa Patron Chaves<br \/>\n13. Buenos Aires e a epidemia de febre amarela de 1871 &#8211; Fabiano Quadros R\u00fcckert<br \/>\n14. Var\u00edola: do flagelo epid\u00eamico ao tubo de ensaio &#8211; Anny Jackeline Torres Silveira<br \/>\n15. Vida e morte em tempos de escravid\u00e3o: um estudo de caso sobre as doen\u00e7as que assolavam a popula\u00e7\u00e3o escravizada na cidade de Pelotas em fins do per\u00edodo escravista &#8211; Angela Pomatti,<br \/>\nFernanda Oliveira<br \/>\n16. A tuberculose e os seus p\u00e9s de l\u00e3 (Pelotas, RS, 1890-1930) &#8211; Lorena Almeida Lorena Gill<br \/>\n17. A mal\u00e1ria na Ferrovia do Diabo: outra peste provoca morte de \u00edndios e de trabalhadores no Brasil da Primeira Rep\u00fablica &#8211; Andr\u00e9a Casa Nova Maia<br \/>\n18. Epidemia e sociedade: Pelotas sob o dom\u00ednio da Gripe Espanhola em 1918 &#8211; Renata Brauner Ferreira<br \/>\n19. Gripe Espanhola e tuberculose na Argentina. A intersec\u00e7\u00e3o de duas pestes em 1918 e 1919 &#8211; Adri\u00e1n Carbonetti<br \/>\n20. O isolamento como medida profil\u00e1tica: lugares de segrega\u00e7\u00e3o da lepra no Rio Grande do Sul &#8211; Juliane C P Serres<br \/>\n21. A poliomielite na Argentina em meados do s\u00e9culo XX &#8211; Adriana Alvarez<br \/>\n22. Uma epidemia na ditadura: a meningite em Minas Gerais (1972-1975) &#8211; Rita de C\u00e1ssia Marques<br \/>\n23. Uma epidemia e um movimento social chamado Solidariedaids &#8211; Karen Bruck<br \/>\n24. Vivendo a peste gay na Porto Alegre dos anos 90 &#8211; Fernando Seffner<br \/>\n25. Companheiras mort\u00edferas: as epidemias e as guerras contempor\u00e2neas &#8211; Carlos Roberto Carvalho Dar\u00f3z<br \/>\n26. Dos miasmas ao v\u00edrus: o conhecimento sobre as epidemias ao longo da hist\u00f3ria &#8211; Lilian Al-Chueyr Pereira Martins, Maria Elice Brzezinski Prestes<\/p>\n<p>Para baixar:<br \/>\n<a href=\"http:\/\/guaiaca.ufpel.edu.br:8080\/handle\/prefix\/7528\">http:\/\/guaiaca.ufpel.edu.br:8080\/handle\/prefix\/7528<\/a><br \/>\nNosso cat\u00e1logo:<br \/>\nhttps:\/\/www.abeu.org.br\/&#8230;\/associados\/editora-ufpel\/50\/<\/p>\n<p>#Hist\u00f3ria #Epidemias #Sociedade #Civiliza\u00e7\u00f5es #Covid19.<\/p>\n<p>#dicadeleitura #livros #editorauniversit\u00e1ria #editoraufpel<\/p>\n<p><img class=\"aligncenter size-medium wp-image-159\" src=\"https:\/\/wp.ufpel.edu.br\/clhd\/files\/2021\/06\/191189401_3062950110656055_9061330576427512062_n-400x400.jpg\" alt=\"\" width=\"400\" height=\"400\" srcset=\"https:\/\/wp.ufpel.edu.br\/clhd\/files\/2021\/06\/191189401_3062950110656055_9061330576427512062_n-400x400.jpg 400w, https:\/\/wp.ufpel.edu.br\/clhd\/files\/2021\/06\/191189401_3062950110656055_9061330576427512062_n-1024x1024.jpg 1024w, https:\/\/wp.ufpel.edu.br\/clhd\/files\/2021\/06\/191189401_3062950110656055_9061330576427512062_n-200x200.jpg 200w, https:\/\/wp.ufpel.edu.br\/clhd\/files\/2021\/06\/191189401_3062950110656055_9061330576427512062_n-768x768.jpg 768w, https:\/\/wp.ufpel.edu.br\/clhd\/files\/2021\/06\/191189401_3062950110656055_9061330576427512062_n-1536x1536.jpg 1536w, https:\/\/wp.ufpel.edu.br\/clhd\/files\/2021\/06\/191189401_3062950110656055_9061330576427512062_n.jpg 2048w\" sizes=\"(max-width: 400px) 100vw, 400px\" \/><\/p>\n","protected":false},"excerpt":{"rendered":"<p>EPIDEMIA NA HIST\u00d3RIA Cole\u00e7\u00e3o Viver e Morrer na Peste &#8211; Vol. 1: Epidemia na hist\u00f3ria (e-book) ANO DE PUBLICA\u00c7\u00c3O: 2021 AUTOR(ES): F\u00c1BIO VERGARA CERQUEIRA, GUNTER AXT, RENATA BRAUNER FERREIRA (ORGS.); F\u00c1BIO VERGARA CERQUEIRA (COORD. DA COLE\u00c7\u00c3O) Lan\u00e7amento dos dois primeiros volumes da trilogia VIVER E MORRER NA PESTE, editada pela Editora da UFPel. O primeiro [&hellip;]<\/p>\n","protected":false},"author":1090,"featured_media":0,"comment_status":"closed","ping_status":"closed","sticky":false,"template":"","format":"standard","meta":{"footnotes":""},"categories":[1],"tags":[],"class_list":["post-157","post","type-post","status-publish","format-standard","hentry","category-noticias"],"jetpack_featured_media_url":"","_links":{"self":[{"href":"https:\/\/wp.ufpel.edu.br\/clhd\/wp-json\/wp\/v2\/posts\/157","targetHints":{"allow":["GET"]}}],"collection":[{"href":"https:\/\/wp.ufpel.edu.br\/clhd\/wp-json\/wp\/v2\/posts"}],"about":[{"href":"https:\/\/wp.ufpel.edu.br\/clhd\/wp-json\/wp\/v2\/types\/post"}],"author":[{"embeddable":true,"href":"https:\/\/wp.ufpel.edu.br\/clhd\/wp-json\/wp\/v2\/users\/1090"}],"replies":[{"embeddable":true,"href":"https:\/\/wp.ufpel.edu.br\/clhd\/wp-json\/wp\/v2\/comments?post=157"}],"version-history":[{"count":4,"href":"https:\/\/wp.ufpel.edu.br\/clhd\/wp-json\/wp\/v2\/posts\/157\/revisions"}],"predecessor-version":[{"id":163,"href":"https:\/\/wp.ufpel.edu.br\/clhd\/wp-json\/wp\/v2\/posts\/157\/revisions\/163"}],"wp:attachment":[{"href":"https:\/\/wp.ufpel.edu.br\/clhd\/wp-json\/wp\/v2\/media?parent=157"}],"wp:term":[{"taxonomy":"category","embeddable":true,"href":"https:\/\/wp.ufpel.edu.br\/clhd\/wp-json\/wp\/v2\/categories?post=157"},{"taxonomy":"post_tag","embeddable":true,"href":"https:\/\/wp.ufpel.edu.br\/clhd\/wp-json\/wp\/v2\/tags?post=157"}],"curies":[{"name":"wp","href":"https:\/\/api.w.org\/{rel}","templated":true}]}}