{"id":1211,"date":"2023-06-22T12:19:50","date_gmt":"2023-06-22T15:19:50","guid":{"rendered":"https:\/\/wp.ufpel.edu.br\/clhd\/?p=1211"},"modified":"2023-06-22T12:19:50","modified_gmt":"2023-06-22T15:19:50","slug":"e-book-educacao-antirracista-baixe-gratuitamente","status":"publish","type":"post","link":"https:\/\/wp.ufpel.edu.br\/clhd\/2023\/06\/22\/e-book-educacao-antirracista-baixe-gratuitamente\/","title":{"rendered":"E-book Educa\u00e7\u00e3o Antirracista: baixe gratuitamente"},"content":{"rendered":"<h2><\/h2>\n<h2 class=\"eva-body-1 eva-margin-bottom-2\">Material exclusivo aborda quest\u00f5es como clima escolar, curr\u00edculo e pr\u00e1ticas pedag\u00f3gicas pela perspectiva das rela\u00e7\u00f5es \u00e9tnico-raciais<\/h2>\n<p class=\"eva-body-3\">Por<a class=\"eva-link-preto eva-font-14 author-link eva-text-bold\" href=\"https:\/\/novaescola.org.br\/autor\/1694\/victor-santos\" data-track=\"Nova p\u00e1gina de conte\u00fado - link para autor\">Victor Santos<\/a><\/p>\n<p class=\"eva-caption\">\n<p><a href=\"https:\/\/novaescola.org.br\/conteudo\/21397\/e-book-educacao-antirracista-baixe-gratuitamente?%2F%3Futm_source=Facebook&amp;utm_medium=Ads&amp;utm_campaign=MovimentoEduca%C3%A7%C3%A3oAntirracista_CV&amp;fbclid=IwAR3izLYkUTWNqnUiX1ZcNaxA1MVQi2H89tqJiuEt7I9FDmftCXm_Z6demFY_aem_th_AUIaQYjXVfJTmMcZasHU1GsQHMd6lRWdcuApXbFp5r4f9GbyN9l8EDkc97qURx-7xsHG-jBaeRbbVTY3KlMXx2QP\">https:\/\/novaescola.org.br\/conteudo\/21397\/e-book-educacao-antirracista-baixe-gratuitamente?%2F%3Futm_source=Facebook&amp;utm_medium=Ads&amp;utm_campaign=MovimentoEduca%C3%A7%C3%A3oAntirracista_CV&amp;fbclid=IwAR3izLYkUTWNqnUiX1ZcNaxA1MVQi2H89tqJiuEt7I9FDmftCXm_Z6demFY_aem_th_AUIaQYjXVfJTmMcZasHU1GsQHMd6lRWdcuApXbFp5r4f9GbyN9l8EDkc97qURx-7xsHG-jBaeRbbVTY3KlMXx2QP<\/a><\/p>\n","protected":false},"excerpt":{"rendered":"<p>Material exclusivo aborda quest\u00f5es como clima escolar, curr\u00edculo e pr\u00e1ticas pedag\u00f3gicas pela perspectiva das rela\u00e7\u00f5es \u00e9tnico-raciais PorVictor Santos https:\/\/novaescola.org.br\/conteudo\/21397\/e-book-educacao-antirracista-baixe-gratuitamente?%2F%3Futm_source=Facebook&amp;utm_medium=Ads&amp;utm_campaign=MovimentoEduca%C3%A7%C3%A3oAntirracista_CV&amp;fbclid=IwAR3izLYkUTWNqnUiX1ZcNaxA1MVQi2H89tqJiuEt7I9FDmftCXm_Z6demFY_aem_th_AUIaQYjXVfJTmMcZasHU1GsQHMd6lRWdcuApXbFp5r4f9GbyN9l8EDkc97qURx-7xsHG-jBaeRbbVTY3KlMXx2QP<\/p>\n","protected":false},"author":1090,"featured_media":0,"comment_status":"closed","ping_status":"closed","sticky":false,"template":"","format":"standard","meta":{"footnotes":""},"categories":[1],"tags":[],"class_list":["post-1211","post","type-post","status-publish","format-standard","hentry","category-noticias"],"jetpack_featured_media_url":"","_links":{"self":[{"href":"https:\/\/wp.ufpel.edu.br\/clhd\/wp-json\/wp\/v2\/posts\/1211","targetHints":{"allow":["GET"]}}],"collection":[{"href":"https:\/\/wp.ufpel.edu.br\/clhd\/wp-json\/wp\/v2\/posts"}],"about":[{"href":"https:\/\/wp.ufpel.edu.br\/clhd\/wp-json\/wp\/v2\/types\/post"}],"author":[{"embeddable":true,"href":"https:\/\/wp.ufpel.edu.br\/clhd\/wp-json\/wp\/v2\/users\/1090"}],"replies":[{"embeddable":true,"href":"https:\/\/wp.ufpel.edu.br\/clhd\/wp-json\/wp\/v2\/comments?post=1211"}],"version-history":[{"count":1,"href":"https:\/\/wp.ufpel.edu.br\/clhd\/wp-json\/wp\/v2\/posts\/1211\/revisions"}],"predecessor-version":[{"id":1213,"href":"https:\/\/wp.ufpel.edu.br\/clhd\/wp-json\/wp\/v2\/posts\/1211\/revisions\/1213"}],"wp:attachment":[{"href":"https:\/\/wp.ufpel.edu.br\/clhd\/wp-json\/wp\/v2\/media?parent=1211"}],"wp:term":[{"taxonomy":"category","embeddable":true,"href":"https:\/\/wp.ufpel.edu.br\/clhd\/wp-json\/wp\/v2\/categories?post=1211"},{"taxonomy":"post_tag","embeddable":true,"href":"https:\/\/wp.ufpel.edu.br\/clhd\/wp-json\/wp\/v2\/tags?post=1211"}],"curies":[{"name":"wp","href":"https:\/\/api.w.org\/{rel}","templated":true}]}}