{"id":1047,"date":"2023-02-15T18:42:42","date_gmt":"2023-02-15T21:42:42","guid":{"rendered":"https:\/\/wp.ufpel.edu.br\/clhd\/?p=1047"},"modified":"2023-05-07T21:02:19","modified_gmt":"2023-05-08T00:02:19","slug":"quadro-de-disciplinas-clhd-2023-01","status":"publish","type":"post","link":"https:\/\/wp.ufpel.edu.br\/clhd\/2023\/02\/15\/quadro-de-disciplinas-clhd-2023-01\/","title":{"rendered":"Quadro de Disciplinas CLHD 2023\/01"},"content":{"rendered":"<p>&nbsp;<\/p>\n<p style=\"text-align: center;\"><strong>Quadro Disciplinas CLHD 2023\/01<\/strong><\/p>\n<p><strong>2\u00ba Semestre<\/strong><\/p>\n<p>&nbsp;<\/p>\n<table style=\"height: 621px;\" width=\"927\">\n<tbody>\n<tr>\n<td style=\"width: 301.656px;\"><strong>Disciplina<\/strong><\/td>\n<td style=\"width: 301.656px;\"><strong>Professor<\/strong><\/td>\n<td style=\"width: 301.688px;\"><strong>Bloco<\/strong><\/td>\n<\/tr>\n<tr>\n<td style=\"width: 301.656px;\">TECNOLOGIAS PARA INFORMA\u00c7\u00c3O E COMUNICA\u00c7\u00c3O<\/td>\n<td style=\"width: 301.656px;\">Prof. Thiago Amorim<\/td>\n<td style=\"width: 301.688px;\">Bloco 01<\/td>\n<\/tr>\n<tr>\n<td style=\"width: 301.656px;\">OFICINA TEM\u00c1TICA DE ENSINO DE HIST\u00d3RIA I<\/td>\n<td style=\"width: 301.656px;\">Prof. Edgar Gandra<\/td>\n<td style=\"width: 301.688px;\">Bloco 01<\/td>\n<\/tr>\n<tr>\n<td style=\"width: 301.656px;\">HIST\u00d3RIA DA ANTIGUIDADE OCIDENTAL<\/td>\n<td style=\"width: 301.656px;\">Prof. F\u00e1bio Vergara<\/td>\n<td style=\"width: 301.688px;\">Bloco 01<\/td>\n<\/tr>\n<tr>\n<td style=\"width: 301.656px;\">G\u00caNERO, SEXUALIDADES E DIREITOS HUMANOS<\/td>\n<td style=\"width: 301.656px;\">Prof.\u00aa Elisabete Leal<\/td>\n<td style=\"width: 301.688px;\">Bloco 01<\/td>\n<\/tr>\n<tr>\n<td style=\"width: 301.656px;\">FUNDAMENTOS SOCIO- HIST\u00d3RICOS E FILOS\u00d3FICOS DA EDUCA\u00c7\u00c3O<\/td>\n<td style=\"width: 301.656px;\">Prof.\u00aa Nat\u00e1lia Pinto<\/td>\n<td style=\"width: 301.688px;\">Bloco 02<\/td>\n<\/tr>\n<tr>\n<td style=\"width: 301.656px;\">ENSINO DE HIST\u00d3RIA<\/td>\n<td style=\"width: 301.656px;\">Prof.\u00aa Let\u00edcia Cavalheiro<\/td>\n<td style=\"width: 301.688px;\">Bloco 02<\/td>\n<\/tr>\n<tr>\n<td style=\"width: 301.656px;\">TEORIA E PR\u00c1TICA PEDAG\u00d3GICA<\/td>\n<td style=\"width: 301.656px;\">Prof.\u00aa Let\u00edcia Cavalheiro<\/td>\n<td style=\"width: 301.688px;\">Bloco 01<\/td>\n<\/tr>\n<\/tbody>\n<\/table>\n<p>&nbsp;<\/p>\n<p>&nbsp;<\/p>\n<p><strong>5 \u00ba Semestre<\/strong><\/p>\n<table width=\"930\">\n<tbody>\n<tr>\n<td width=\"186\"><strong>Disciplina<\/strong><\/td>\n<td width=\"186\"><strong>Professor<\/strong><\/td>\n<td width=\"186\"><strong>Bloco<\/strong><\/td>\n<\/tr>\n<tr>\n<td width=\"186\">EDUCA\u00c7\u00c3O INCLUSIVA: PEDAGOGIA DA DIFEREN\u00c7A<\/td>\n<td width=\"186\">Prof.\u00aa J\u00e9sica Hencke<\/td>\n<td width=\"186\">Bloco 01<\/td>\n<\/tr>\n<tr>\n<td width=\"186\">EST\u00c1GIO SUPERVISIONADO NO ENSINO FUNDAMENTAL I<\/td>\n<td width=\"186\">\n<p>Prof.\u00aa J\u00e9sica Hencke<\/p>\n<p>Prof.\u00aa Liza Martins<\/p>\n<p>Prof. \u00aa Neuza Janke<\/td>\n<td width=\"186\">Blocos 01 e\u00a0 02<\/td>\n<\/tr>\n<tr>\n<td width=\"186\">HIST\u00d3RIA DA \u00c1FRICA<\/td>\n<td width=\"186\">Prof.\u00aa Viviane Saballa<\/td>\n<td width=\"186\">Bloco 01<\/td>\n<\/tr>\n<tr>\n<td width=\"186\">HIST\u00d3RIA DA AM\u00c9RICA I<\/td>\n<td width=\"186\">Prof. Paulo Possamai<\/td>\n<td width=\"186\">Bloco 02<\/td>\n<\/tr>\n<tr>\n<td width=\"186\">HIST\u00d3RIA DO BRASIL COLONIAL<\/td>\n<td width=\"186\">Prof.\u00aa Nat\u00e1lia Pinto<\/td>\n<td width=\"186\">Bloco 02<\/td>\n<\/tr>\n<\/tbody>\n<\/table>\n<p><strong>Datas:<\/strong><\/p>\n<p><strong>Bloco 1<\/strong>: 13\/03 &#8211; 12\/05<br \/>\n<strong>Bloco 2<\/strong>: 15\/05 &#8211; 14\/07<\/p>\n<p><em><strong>O exame ser\u00e1 realizado na \u00faltima semana de cada bloco.<\/strong><\/em><\/p>\n","protected":false},"excerpt":{"rendered":"<p>&nbsp; Quadro Disciplinas CLHD 2023\/01 2\u00ba Semestre &nbsp; Disciplina Professor Bloco TECNOLOGIAS PARA INFORMA\u00c7\u00c3O E COMUNICA\u00c7\u00c3O Prof. Thiago Amorim Bloco 01 OFICINA TEM\u00c1TICA DE ENSINO DE HIST\u00d3RIA I Prof. Edgar Gandra Bloco 01 HIST\u00d3RIA DA ANTIGUIDADE OCIDENTAL Prof. F\u00e1bio Vergara Bloco 01 G\u00caNERO, SEXUALIDADES E DIREITOS HUMANOS Prof.\u00aa Elisabete Leal Bloco 01 FUNDAMENTOS SOCIO- HIST\u00d3RICOS [&hellip;]<\/p>\n","protected":false},"author":1090,"featured_media":0,"comment_status":"closed","ping_status":"closed","sticky":false,"template":"","format":"standard","meta":{"footnotes":""},"categories":[1],"tags":[],"class_list":["post-1047","post","type-post","status-publish","format-standard","hentry","category-noticias"],"jetpack_featured_media_url":"","_links":{"self":[{"href":"https:\/\/wp.ufpel.edu.br\/clhd\/wp-json\/wp\/v2\/posts\/1047","targetHints":{"allow":["GET"]}}],"collection":[{"href":"https:\/\/wp.ufpel.edu.br\/clhd\/wp-json\/wp\/v2\/posts"}],"about":[{"href":"https:\/\/wp.ufpel.edu.br\/clhd\/wp-json\/wp\/v2\/types\/post"}],"author":[{"embeddable":true,"href":"https:\/\/wp.ufpel.edu.br\/clhd\/wp-json\/wp\/v2\/users\/1090"}],"replies":[{"embeddable":true,"href":"https:\/\/wp.ufpel.edu.br\/clhd\/wp-json\/wp\/v2\/comments?post=1047"}],"version-history":[{"count":7,"href":"https:\/\/wp.ufpel.edu.br\/clhd\/wp-json\/wp\/v2\/posts\/1047\/revisions"}],"predecessor-version":[{"id":1172,"href":"https:\/\/wp.ufpel.edu.br\/clhd\/wp-json\/wp\/v2\/posts\/1047\/revisions\/1172"}],"wp:attachment":[{"href":"https:\/\/wp.ufpel.edu.br\/clhd\/wp-json\/wp\/v2\/media?parent=1047"}],"wp:term":[{"taxonomy":"category","embeddable":true,"href":"https:\/\/wp.ufpel.edu.br\/clhd\/wp-json\/wp\/v2\/categories?post=1047"},{"taxonomy":"post_tag","embeddable":true,"href":"https:\/\/wp.ufpel.edu.br\/clhd\/wp-json\/wp\/v2\/tags?post=1047"}],"curies":[{"name":"wp","href":"https:\/\/api.w.org\/{rel}","templated":true}]}}