{"id":9518,"date":"2019-06-07T17:47:26","date_gmt":"2019-06-07T20:47:26","guid":{"rendered":"https:\/\/wp.ufpel.edu.br\/clc\/?p=9518"},"modified":"2019-06-07T17:47:26","modified_gmt":"2019-06-07T20:47:26","slug":"horarios-de-orientacao-de-estagios-de-espanhol","status":"publish","type":"post","link":"https:\/\/wp.ufpel.edu.br\/clc\/2019\/06\/07\/horarios-de-orientacao-de-estagios-de-espanhol\/","title":{"rendered":"Hor\u00e1rios de orienta\u00e7\u00e3o de est\u00e1gios de Espanhol"},"content":{"rendered":"<p style=\"text-align: justify\"><span lang=\"PT-BR\">A \u00c1rea de Espanhol do CLC divulgou os hor\u00e1rios que os professores disponibilizam aos alunos para orienta\u00e7\u00e3o de est\u00e1gio:<\/span><\/p>\n<p><strong>\u00a0<\/strong><strong>Profa. Aline Coelho:<\/strong><\/p>\n<p>&#8211; Segundas-feiras, das 17h \u00e0s 19h,\u00a0Campus I,\u00a0sala 101.<\/p>\n<p><strong>Profa. Ana Lourdes:<\/strong><\/p>\n<p><strong>&#8211;<\/strong>\u00a0Quartas-feiras, das 11h \u00e0s\u00a012h e\u00a0das 15h \u00e0s 17h,\u00a0Campus I,\u00a0sala 109.<\/p>\n<p>&#8211; Quintas-feiras, das 15h10 \u00e0s 17h,\u00a0Campus I,\u00a0sala 109.<\/p>\n<p><strong>Profa. Ana Recuero:<\/strong><\/p>\n<p>&#8211; Quartas-feiras, das 17h \u00e0s 18h:30,\u00a0Campus I,\u00a0sala 249.<\/p>\n<p>&#8211; Quintas-feiras, das 13h \u00e0s 15h,\u00a0Campus I,\u00a0sala 118.<\/p>\n<p><strong>Profa. Seila Islab\u00e3o:<\/strong><\/p>\n<p>&#8211; Ter\u00e7as-feiras, das 15:30h \u00e0s 17h:00,\u00a0Campus I,\u00a0sala 118.<\/p>\n<p><strong>Prof. Uruguay Cortazzo:<\/strong><\/p>\n<p>&#8211; S\u00e1bados, 11h,\u00a0Campus II, sala 103.<\/p>\n","protected":false},"excerpt":{"rendered":"<p>A \u00c1rea de Espanhol do CLC divulgou os hor\u00e1rios que os professores disponibilizam aos alunos para orienta\u00e7\u00e3o de est\u00e1gio: \u00a0Profa. Aline Coelho: &#8211; Segundas-feiras, das 17h \u00e0s 19h,\u00a0Campus I,\u00a0sala 101. Profa. Ana Lourdes: &#8211;\u00a0Quartas-feiras, das 11h \u00e0s\u00a012h e\u00a0das 15h \u00e0s &hellip; <a href=\"https:\/\/wp.ufpel.edu.br\/clc\/2019\/06\/07\/horarios-de-orientacao-de-estagios-de-espanhol\/\">Continue lendo <span class=\"meta-nav\">&rarr;<\/span><\/a><\/p>\n","protected":false},"author":50,"featured_media":0,"comment_status":"closed","ping_status":"closed","sticky":false,"template":"","format":"standard","meta":{"footnotes":""},"categories":[33391],"tags":[],"class_list":["post-9518","post","type-post","status-publish","format-standard","hentry","category-alunos"],"jetpack_featured_media_url":"","_links":{"self":[{"href":"https:\/\/wp.ufpel.edu.br\/clc\/wp-json\/wp\/v2\/posts\/9518","targetHints":{"allow":["GET"]}}],"collection":[{"href":"https:\/\/wp.ufpel.edu.br\/clc\/wp-json\/wp\/v2\/posts"}],"about":[{"href":"https:\/\/wp.ufpel.edu.br\/clc\/wp-json\/wp\/v2\/types\/post"}],"author":[{"embeddable":true,"href":"https:\/\/wp.ufpel.edu.br\/clc\/wp-json\/wp\/v2\/users\/50"}],"replies":[{"embeddable":true,"href":"https:\/\/wp.ufpel.edu.br\/clc\/wp-json\/wp\/v2\/comments?post=9518"}],"version-history":[{"count":2,"href":"https:\/\/wp.ufpel.edu.br\/clc\/wp-json\/wp\/v2\/posts\/9518\/revisions"}],"predecessor-version":[{"id":9521,"href":"https:\/\/wp.ufpel.edu.br\/clc\/wp-json\/wp\/v2\/posts\/9518\/revisions\/9521"}],"wp:attachment":[{"href":"https:\/\/wp.ufpel.edu.br\/clc\/wp-json\/wp\/v2\/media?parent=9518"}],"wp:term":[{"taxonomy":"category","embeddable":true,"href":"https:\/\/wp.ufpel.edu.br\/clc\/wp-json\/wp\/v2\/categories?post=9518"},{"taxonomy":"post_tag","embeddable":true,"href":"https:\/\/wp.ufpel.edu.br\/clc\/wp-json\/wp\/v2\/tags?post=9518"}],"curies":[{"name":"wp","href":"https:\/\/api.w.org\/{rel}","templated":true}]}}