{"id":9498,"date":"2019-06-04T16:46:24","date_gmt":"2019-06-04T19:46:24","guid":{"rendered":"https:\/\/wp.ufpel.edu.br\/clc\/?p=9498"},"modified":"2019-06-04T16:46:24","modified_gmt":"2019-06-04T19:46:24","slug":"projeto-cursos-de-linguas-se-apresenta-na-fenadoce","status":"publish","type":"post","link":"https:\/\/wp.ufpel.edu.br\/clc\/2019\/06\/04\/projeto-cursos-de-linguas-se-apresenta-na-fenadoce\/","title":{"rendered":"Projeto Cursos de L\u00ednguas se apresenta na Fenadoce"},"content":{"rendered":"<p style=\"text-align: justify\">O Projeto Cursos de L\u00ednguas, da C\u00e2mara de Extens\u00e3o do Centro de Letras e Comunica\u00e7\u00e3o, estar\u00e1 na Fenadoce no dia 18 de junho, ter\u00e7a-feira, das 14h \u00e0s 16h, no estande da UFPel na feira. Prestigie-nos!<\/p>\n<p><a href=\"https:\/\/wp.ufpel.edu.br\/clc\/2019\/06\/04\/projeto-cursos-de-linguas-se-apresenta-na-fenadoce\/cursos-na-fenadoce-ok\/\" rel=\"attachment wp-att-9500\"><img loading=\"lazy\" decoding=\"async\" class=\"alignnone size-full wp-image-9500\" src=\"https:\/\/wp.ufpel.edu.br\/clc\/files\/2019\/06\/Cursos-na-Fenadoce-ok.png\" alt=\"\" width=\"923\" height=\"622\" srcset=\"https:\/\/wp.ufpel.edu.br\/clc\/files\/2019\/06\/Cursos-na-Fenadoce-ok.png 923w, https:\/\/wp.ufpel.edu.br\/clc\/files\/2019\/06\/Cursos-na-Fenadoce-ok-212x143.png 212w, https:\/\/wp.ufpel.edu.br\/clc\/files\/2019\/06\/Cursos-na-Fenadoce-ok-424x286.png 424w, https:\/\/wp.ufpel.edu.br\/clc\/files\/2019\/06\/Cursos-na-Fenadoce-ok-768x518.png 768w\" sizes=\"auto, (max-width: 923px) 100vw, 923px\" \/><\/a><\/p>\n","protected":false},"excerpt":{"rendered":"<p>O Projeto Cursos de L\u00ednguas, da C\u00e2mara de Extens\u00e3o do Centro de Letras e Comunica\u00e7\u00e3o, estar\u00e1 na Fenadoce no dia 18 de junho, ter\u00e7a-feira, das 14h \u00e0s 16h, no estande da UFPel na feira. Prestigie-nos!<\/p>\n","protected":false},"author":50,"featured_media":0,"comment_status":"closed","ping_status":"closed","sticky":false,"template":"","format":"standard","meta":{"footnotes":""},"categories":[33383,33380,33392],"tags":[],"class_list":["post-9498","post","type-post","status-publish","format-standard","hentry","category-abertos-a-comunidade","category-camara-de-extensao","category-cursos"],"jetpack_featured_media_url":"","_links":{"self":[{"href":"https:\/\/wp.ufpel.edu.br\/clc\/wp-json\/wp\/v2\/posts\/9498","targetHints":{"allow":["GET"]}}],"collection":[{"href":"https:\/\/wp.ufpel.edu.br\/clc\/wp-json\/wp\/v2\/posts"}],"about":[{"href":"https:\/\/wp.ufpel.edu.br\/clc\/wp-json\/wp\/v2\/types\/post"}],"author":[{"embeddable":true,"href":"https:\/\/wp.ufpel.edu.br\/clc\/wp-json\/wp\/v2\/users\/50"}],"replies":[{"embeddable":true,"href":"https:\/\/wp.ufpel.edu.br\/clc\/wp-json\/wp\/v2\/comments?post=9498"}],"version-history":[{"count":2,"href":"https:\/\/wp.ufpel.edu.br\/clc\/wp-json\/wp\/v2\/posts\/9498\/revisions"}],"predecessor-version":[{"id":9502,"href":"https:\/\/wp.ufpel.edu.br\/clc\/wp-json\/wp\/v2\/posts\/9498\/revisions\/9502"}],"wp:attachment":[{"href":"https:\/\/wp.ufpel.edu.br\/clc\/wp-json\/wp\/v2\/media?parent=9498"}],"wp:term":[{"taxonomy":"category","embeddable":true,"href":"https:\/\/wp.ufpel.edu.br\/clc\/wp-json\/wp\/v2\/categories?post=9498"},{"taxonomy":"post_tag","embeddable":true,"href":"https:\/\/wp.ufpel.edu.br\/clc\/wp-json\/wp\/v2\/tags?post=9498"}],"curies":[{"name":"wp","href":"https:\/\/api.w.org\/{rel}","templated":true}]}}