{"id":9483,"date":"2019-05-31T18:35:39","date_gmt":"2019-05-31T21:35:39","guid":{"rendered":"https:\/\/wp.ufpel.edu.br\/clc\/?p=9483"},"modified":"2019-05-31T18:36:30","modified_gmt":"2019-05-31T21:36:30","slug":"35a-semana-academica-da-letras-e-de-3-a-7-de-junho","status":"publish","type":"post","link":"https:\/\/wp.ufpel.edu.br\/clc\/2019\/05\/31\/35a-semana-academica-da-letras-e-de-3-a-7-de-junho\/","title":{"rendered":"35\u00aa Semana Acad\u00eamica da Letras \u00e9 de 3 a 7 de junho"},"content":{"rendered":"<p style=\"text-align: justify\">A 35\u00aa Semana Acad\u00eamica da Letras ocorrer\u00e1 \u00e0s tardes e noites da semana de 3 a 7 de junho de 2019, com palestras, rodas de conversas, comunica\u00e7\u00f5es, oficinas, coffee breaks, apresenta\u00e7\u00f5es e muita integra\u00e7\u00e3o. Acesse o site e saiba mais:\u00a0 <a href=\"https:\/\/salufpel.wordpress.com\/programacao\/\" target=\"_blank\" rel=\"noopener noreferrer\">https:\/\/salufpel.wordpress.com\/programacao\/<\/a><\/p>\n<p style=\"text-align: justify\">Confirme presen\u00e7a no evento do Facebook: <a href=\"https:\/\/www.facebook.com\/events\/377845756133897\/\" target=\"_blank\" rel=\"noopener noreferrer\">https:\/\/www.facebook.com\/events\/377845756133897\/<\/a><\/p>\n<p><a href=\"https:\/\/wp.ufpel.edu.br\/clc\/2019\/05\/31\/35a-semana-academica-da-letras-e-de-3-a-7-de-junho\/61293319_2694811433867742_6276182649618825216_o-1\/\" rel=\"attachment wp-att-9493\"><img loading=\"lazy\" decoding=\"async\" class=\"alignnone size-full wp-image-9493\" src=\"https:\/\/wp.ufpel.edu.br\/clc\/files\/2019\/05\/61293319_2694811433867742_6276182649618825216_o-1.png\" alt=\"\" width=\"1080\" height=\"1080\" srcset=\"https:\/\/wp.ufpel.edu.br\/clc\/files\/2019\/05\/61293319_2694811433867742_6276182649618825216_o-1.png 1080w, https:\/\/wp.ufpel.edu.br\/clc\/files\/2019\/05\/61293319_2694811433867742_6276182649618825216_o-1-159x159.png 159w, https:\/\/wp.ufpel.edu.br\/clc\/files\/2019\/05\/61293319_2694811433867742_6276182649618825216_o-1-318x318.png 318w, https:\/\/wp.ufpel.edu.br\/clc\/files\/2019\/05\/61293319_2694811433867742_6276182649618825216_o-1-768x768.png 768w\" sizes=\"auto, (max-width: 1080px) 100vw, 1080px\" \/><\/a><\/p>\n<p style=\"text-align: justify\">\n","protected":false},"excerpt":{"rendered":"<p>A 35\u00aa Semana Acad\u00eamica da Letras ocorrer\u00e1 \u00e0s tardes e noites da semana de 3 a 7 de junho de 2019, com palestras, rodas de conversas, comunica\u00e7\u00f5es, oficinas, coffee breaks, apresenta\u00e7\u00f5es e muita integra\u00e7\u00e3o. Acesse o site e saiba mais:\u00a0 &hellip; <a href=\"https:\/\/wp.ufpel.edu.br\/clc\/2019\/05\/31\/35a-semana-academica-da-letras-e-de-3-a-7-de-junho\/\">Continue lendo <span class=\"meta-nav\">&rarr;<\/span><\/a><\/p>\n","protected":false},"author":50,"featured_media":0,"comment_status":"closed","ping_status":"closed","sticky":false,"template":"","format":"standard","meta":{"footnotes":""},"categories":[33391,33386],"tags":[],"class_list":["post-9483","post","type-post","status-publish","format-standard","hentry","category-alunos","category-eventos"],"jetpack_featured_media_url":"","_links":{"self":[{"href":"https:\/\/wp.ufpel.edu.br\/clc\/wp-json\/wp\/v2\/posts\/9483","targetHints":{"allow":["GET"]}}],"collection":[{"href":"https:\/\/wp.ufpel.edu.br\/clc\/wp-json\/wp\/v2\/posts"}],"about":[{"href":"https:\/\/wp.ufpel.edu.br\/clc\/wp-json\/wp\/v2\/types\/post"}],"author":[{"embeddable":true,"href":"https:\/\/wp.ufpel.edu.br\/clc\/wp-json\/wp\/v2\/users\/50"}],"replies":[{"embeddable":true,"href":"https:\/\/wp.ufpel.edu.br\/clc\/wp-json\/wp\/v2\/comments?post=9483"}],"version-history":[{"count":3,"href":"https:\/\/wp.ufpel.edu.br\/clc\/wp-json\/wp\/v2\/posts\/9483\/revisions"}],"predecessor-version":[{"id":9496,"href":"https:\/\/wp.ufpel.edu.br\/clc\/wp-json\/wp\/v2\/posts\/9483\/revisions\/9496"}],"wp:attachment":[{"href":"https:\/\/wp.ufpel.edu.br\/clc\/wp-json\/wp\/v2\/media?parent=9483"}],"wp:term":[{"taxonomy":"category","embeddable":true,"href":"https:\/\/wp.ufpel.edu.br\/clc\/wp-json\/wp\/v2\/categories?post=9483"},{"taxonomy":"post_tag","embeddable":true,"href":"https:\/\/wp.ufpel.edu.br\/clc\/wp-json\/wp\/v2\/tags?post=9483"}],"curies":[{"name":"wp","href":"https:\/\/api.w.org\/{rel}","templated":true}]}}