{"id":9477,"date":"2019-05-31T15:15:45","date_gmt":"2019-05-31T18:15:45","guid":{"rendered":"https:\/\/wp.ufpel.edu.br\/clc\/?p=9477"},"modified":"2019-05-31T17:11:27","modified_gmt":"2019-05-31T20:11:27","slug":"curso-sobre-sistema-de-processamento-textual-latex","status":"publish","type":"post","link":"https:\/\/wp.ufpel.edu.br\/clc\/2019\/05\/31\/curso-sobre-sistema-de-processamento-textual-latex\/","title":{"rendered":"Curso sobre sistema de processamento textual LaTeX"},"content":{"rendered":"<div class=\"\" data-block=\"true\" data-editor=\"tbas\" data-offset-key=\"a8en-0-0\">\n<div class=\"_1mf _1mj\" style=\"text-align: justify\" data-offset-key=\"a8en-0-0\"><span style=\"font-size: 12pt\" data-offset-key=\"a8en-0-0\">O CLC realizar\u00e1 o curso de extens\u00e3o de Introdu\u00e7\u00e3o ao uso do LaTeX, sistema de processamento textual que permite a cria\u00e7\u00e3o de uma ampla gama de documentos com alta qualidade tipogr\u00e1fica. O curso ser\u00e1 ministrado pela professora Raquel Chaves e \u00e9 aberto \u00e0 comunidade em geral.<\/span><\/div>\n<\/div>\n<div class=\"\" style=\"text-align: justify\" data-block=\"true\" data-editor=\"tbas\" data-offset-key=\"d28bv-0-0\">\n<div class=\"_1mf _1mj\" data-offset-key=\"d28bv-0-0\"><span style=\"font-size: 12pt\" data-offset-key=\"d28bv-0-0\">\u00a0<\/span><\/div>\n<\/div>\n<div class=\"\" data-block=\"true\" data-editor=\"tbas\" data-offset-key=\"51efh-0-0\">\n<div class=\"_1mf _1mj\" style=\"text-align: justify\" data-offset-key=\"51efh-0-0\"><span style=\"font-size: 12pt\" data-offset-key=\"51efh-0-0\">Os encontros ocorrer\u00e3o nos dias 8 e 15 de junho, das 9h \u00e0s 12h, no Campus Anglo. S\u00e3o ofertadas 30 vagas. <\/span><\/div>\n<\/div>\n<p style=\"text-align: justify\">As inscri\u00e7\u00f5es podem ser efetuadas pelo e-mail: <a href=\"mailto:introducaolatexufpel@gmail.com\">introducaolatexufpel@gmail.com<\/a> (enviar nome completo e n\u00ba de matr\u00edcula, caso seja aluno da UFPel).<\/p>\n<div class=\"text_exposed_show\">\n<p><a href=\"https:\/\/wp.ufpel.edu.br\/clc\/2019\/05\/31\/curso-sobre-sistema-de-processamento-textual-latex\/latex\/\" rel=\"attachment wp-att-9479\"><img loading=\"lazy\" decoding=\"async\" class=\"alignnone wp-image-9479\" src=\"https:\/\/wp.ufpel.edu.br\/clc\/files\/2019\/05\/latex.png\" alt=\"\" width=\"513\" height=\"742\" srcset=\"https:\/\/wp.ufpel.edu.br\/clc\/files\/2019\/05\/latex.png 677w, https:\/\/wp.ufpel.edu.br\/clc\/files\/2019\/05\/latex-110x159.png 110w, https:\/\/wp.ufpel.edu.br\/clc\/files\/2019\/05\/latex-220x318.png 220w\" sizes=\"auto, (max-width: 513px) 100vw, 513px\" \/><\/a><\/p>\n<p style=\"text-align: justify\">\n<\/div>\n","protected":false},"excerpt":{"rendered":"<p>O CLC realizar\u00e1 o curso de extens\u00e3o de Introdu\u00e7\u00e3o ao uso do LaTeX, sistema de processamento textual que permite a cria\u00e7\u00e3o de uma ampla gama de documentos com alta qualidade tipogr\u00e1fica. O curso ser\u00e1 ministrado pela professora Raquel Chaves e &hellip; <a href=\"https:\/\/wp.ufpel.edu.br\/clc\/2019\/05\/31\/curso-sobre-sistema-de-processamento-textual-latex\/\">Continue lendo <span class=\"meta-nav\">&rarr;<\/span><\/a><\/p>\n","protected":false},"author":50,"featured_media":0,"comment_status":"closed","ping_status":"closed","sticky":false,"template":"","format":"standard","meta":{"footnotes":""},"categories":[33383,33380,33392],"tags":[],"class_list":["post-9477","post","type-post","status-publish","format-standard","hentry","category-abertos-a-comunidade","category-camara-de-extensao","category-cursos"],"jetpack_featured_media_url":"","_links":{"self":[{"href":"https:\/\/wp.ufpel.edu.br\/clc\/wp-json\/wp\/v2\/posts\/9477","targetHints":{"allow":["GET"]}}],"collection":[{"href":"https:\/\/wp.ufpel.edu.br\/clc\/wp-json\/wp\/v2\/posts"}],"about":[{"href":"https:\/\/wp.ufpel.edu.br\/clc\/wp-json\/wp\/v2\/types\/post"}],"author":[{"embeddable":true,"href":"https:\/\/wp.ufpel.edu.br\/clc\/wp-json\/wp\/v2\/users\/50"}],"replies":[{"embeddable":true,"href":"https:\/\/wp.ufpel.edu.br\/clc\/wp-json\/wp\/v2\/comments?post=9477"}],"version-history":[{"count":4,"href":"https:\/\/wp.ufpel.edu.br\/clc\/wp-json\/wp\/v2\/posts\/9477\/revisions"}],"predecessor-version":[{"id":9485,"href":"https:\/\/wp.ufpel.edu.br\/clc\/wp-json\/wp\/v2\/posts\/9477\/revisions\/9485"}],"wp:attachment":[{"href":"https:\/\/wp.ufpel.edu.br\/clc\/wp-json\/wp\/v2\/media?parent=9477"}],"wp:term":[{"taxonomy":"category","embeddable":true,"href":"https:\/\/wp.ufpel.edu.br\/clc\/wp-json\/wp\/v2\/categories?post=9477"},{"taxonomy":"post_tag","embeddable":true,"href":"https:\/\/wp.ufpel.edu.br\/clc\/wp-json\/wp\/v2\/tags?post=9477"}],"curies":[{"name":"wp","href":"https:\/\/api.w.org\/{rel}","templated":true}]}}