{"id":9467,"date":"2019-05-27T19:30:00","date_gmt":"2019-05-27T22:30:00","guid":{"rendered":"https:\/\/wp.ufpel.edu.br\/clc\/?p=9467"},"modified":"2019-05-27T19:31:16","modified_gmt":"2019-05-27T22:31:16","slug":"video-do-centro-de-letras-e-comunicacao","status":"publish","type":"post","link":"https:\/\/wp.ufpel.edu.br\/clc\/2019\/05\/27\/video-do-centro-de-letras-e-comunicacao\/","title":{"rendered":"V\u00eddeo do Centro de Letras e Comunica\u00e7\u00e3o"},"content":{"rendered":"<p style=\"font-weight: 400;text-align: justify\">O CLC \u00e9 nosso!<\/p>\n<p style=\"font-weight: 400;text-align: justify\">O CLC \u00e9 da UFPEL!<\/p>\n<p style=\"font-weight: 400;text-align: justify\">O CLC \u00e9 da comunidade!<\/p>\n<p style=\"font-weight: 400;text-align: justify\">Conhe\u00e7a o impacto do Centro de Letras e Comunica\u00e7\u00e3o nas comunidades universit\u00e1ria e externa neste v\u00eddeo produzido pelo colega Vladi B. Vargas.<\/p>\n<p><iframe loading=\"lazy\" title=\"CLC - Infogr\u00e1fico\" width=\"640\" height=\"360\" src=\"https:\/\/www.youtube.com\/embed\/r9oey0YgA9Q?feature=oembed\" frameborder=\"0\" allow=\"accelerometer; autoplay; clipboard-write; encrypted-media; gyroscope; picture-in-picture; web-share\" referrerpolicy=\"strict-origin-when-cross-origin\" allowfullscreen><\/iframe><\/p>\n","protected":false},"excerpt":{"rendered":"<p>O CLC \u00e9 nosso! O CLC \u00e9 da UFPEL! O CLC \u00e9 da comunidade! Conhe\u00e7a o impacto do Centro de Letras e Comunica\u00e7\u00e3o nas comunidades universit\u00e1ria e externa neste v\u00eddeo produzido pelo colega Vladi B. Vargas.<\/p>\n","protected":false},"author":50,"featured_media":0,"comment_status":"closed","ping_status":"closed","sticky":false,"template":"","format":"standard","meta":{"footnotes":""},"categories":[33387,1],"tags":[],"class_list":["post-9467","post","type-post","status-publish","format-standard","hentry","category-direcao","category-notcias"],"jetpack_featured_media_url":"","_links":{"self":[{"href":"https:\/\/wp.ufpel.edu.br\/clc\/wp-json\/wp\/v2\/posts\/9467","targetHints":{"allow":["GET"]}}],"collection":[{"href":"https:\/\/wp.ufpel.edu.br\/clc\/wp-json\/wp\/v2\/posts"}],"about":[{"href":"https:\/\/wp.ufpel.edu.br\/clc\/wp-json\/wp\/v2\/types\/post"}],"author":[{"embeddable":true,"href":"https:\/\/wp.ufpel.edu.br\/clc\/wp-json\/wp\/v2\/users\/50"}],"replies":[{"embeddable":true,"href":"https:\/\/wp.ufpel.edu.br\/clc\/wp-json\/wp\/v2\/comments?post=9467"}],"version-history":[{"count":2,"href":"https:\/\/wp.ufpel.edu.br\/clc\/wp-json\/wp\/v2\/posts\/9467\/revisions"}],"predecessor-version":[{"id":9470,"href":"https:\/\/wp.ufpel.edu.br\/clc\/wp-json\/wp\/v2\/posts\/9467\/revisions\/9470"}],"wp:attachment":[{"href":"https:\/\/wp.ufpel.edu.br\/clc\/wp-json\/wp\/v2\/media?parent=9467"}],"wp:term":[{"taxonomy":"category","embeddable":true,"href":"https:\/\/wp.ufpel.edu.br\/clc\/wp-json\/wp\/v2\/categories?post=9467"},{"taxonomy":"post_tag","embeddable":true,"href":"https:\/\/wp.ufpel.edu.br\/clc\/wp-json\/wp\/v2\/tags?post=9467"}],"curies":[{"name":"wp","href":"https:\/\/api.w.org\/{rel}","templated":true}]}}