{"id":9461,"date":"2019-05-27T15:48:28","date_gmt":"2019-05-27T18:48:28","guid":{"rendered":"https:\/\/wp.ufpel.edu.br\/clc\/?p=9461"},"modified":"2019-05-27T15:49:01","modified_gmt":"2019-05-27T18:49:01","slug":"evento-escuta-clc-trata-de-saude-mental-na-faculdade","status":"publish","type":"post","link":"https:\/\/wp.ufpel.edu.br\/clc\/2019\/05\/27\/evento-escuta-clc-trata-de-saude-mental-na-faculdade\/","title":{"rendered":"Evento Escuta CLC trata de sa\u00fade mental na faculdade"},"content":{"rendered":"<p style=\"text-align: justify\">O Centro de Letras e Comunica\u00e7\u00e3o promove nesta ter\u00e7a-feira, 28, o encontro Escuta CLC, com a tem\u00e1tica da Sa\u00fade mental na faculdade. \u00c9 \u00e0s 19h, no corredor do CA e do DA, com palestra da professora Beatriz Franchini.<br \/>\n<a href=\"https:\/\/wp.ufpel.edu.br\/clc\/2019\/05\/27\/evento-escuta-clc-trata-de-saude-mental-na-faculdade\/img-20190527-wa0001\/\" rel=\"attachment wp-att-9463\"><img loading=\"lazy\" decoding=\"async\" class=\"alignnone size-full wp-image-9463\" src=\"https:\/\/wp.ufpel.edu.br\/clc\/files\/2019\/05\/IMG-20190527-WA0001.jpg\" alt=\"\" width=\"1000\" height=\"1000\" srcset=\"https:\/\/wp.ufpel.edu.br\/clc\/files\/2019\/05\/IMG-20190527-WA0001.jpg 1000w, https:\/\/wp.ufpel.edu.br\/clc\/files\/2019\/05\/IMG-20190527-WA0001-159x159.jpg 159w, https:\/\/wp.ufpel.edu.br\/clc\/files\/2019\/05\/IMG-20190527-WA0001-318x318.jpg 318w, https:\/\/wp.ufpel.edu.br\/clc\/files\/2019\/05\/IMG-20190527-WA0001-768x768.jpg 768w\" sizes=\"auto, (max-width: 1000px) 100vw, 1000px\" \/><\/a><\/p>\n","protected":false},"excerpt":{"rendered":"<p>O Centro de Letras e Comunica\u00e7\u00e3o promove nesta ter\u00e7a-feira, 28, o encontro Escuta CLC, com a tem\u00e1tica da Sa\u00fade mental na faculdade. \u00c9 \u00e0s 19h, no corredor do CA e do DA, com palestra da professora Beatriz Franchini.<\/p>\n","protected":false},"author":50,"featured_media":0,"comment_status":"closed","ping_status":"closed","sticky":false,"template":"","format":"standard","meta":{"footnotes":""},"categories":[33391,33386],"tags":[],"class_list":["post-9461","post","type-post","status-publish","format-standard","hentry","category-alunos","category-eventos"],"jetpack_featured_media_url":"","_links":{"self":[{"href":"https:\/\/wp.ufpel.edu.br\/clc\/wp-json\/wp\/v2\/posts\/9461","targetHints":{"allow":["GET"]}}],"collection":[{"href":"https:\/\/wp.ufpel.edu.br\/clc\/wp-json\/wp\/v2\/posts"}],"about":[{"href":"https:\/\/wp.ufpel.edu.br\/clc\/wp-json\/wp\/v2\/types\/post"}],"author":[{"embeddable":true,"href":"https:\/\/wp.ufpel.edu.br\/clc\/wp-json\/wp\/v2\/users\/50"}],"replies":[{"embeddable":true,"href":"https:\/\/wp.ufpel.edu.br\/clc\/wp-json\/wp\/v2\/comments?post=9461"}],"version-history":[{"count":3,"href":"https:\/\/wp.ufpel.edu.br\/clc\/wp-json\/wp\/v2\/posts\/9461\/revisions"}],"predecessor-version":[{"id":9466,"href":"https:\/\/wp.ufpel.edu.br\/clc\/wp-json\/wp\/v2\/posts\/9461\/revisions\/9466"}],"wp:attachment":[{"href":"https:\/\/wp.ufpel.edu.br\/clc\/wp-json\/wp\/v2\/media?parent=9461"}],"wp:term":[{"taxonomy":"category","embeddable":true,"href":"https:\/\/wp.ufpel.edu.br\/clc\/wp-json\/wp\/v2\/categories?post=9461"},{"taxonomy":"post_tag","embeddable":true,"href":"https:\/\/wp.ufpel.edu.br\/clc\/wp-json\/wp\/v2\/tags?post=9461"}],"curies":[{"name":"wp","href":"https:\/\/api.w.org\/{rel}","templated":true}]}}