{"id":9449,"date":"2019-05-27T15:27:06","date_gmt":"2019-05-27T18:27:06","guid":{"rendered":"https:\/\/wp.ufpel.edu.br\/clc\/?p=9449"},"modified":"2019-05-27T15:28:20","modified_gmt":"2019-05-27T18:28:20","slug":"exame-celpe-bras-e-aplicado-na-ufpel-de-28-a-30-de-maio","status":"publish","type":"post","link":"https:\/\/wp.ufpel.edu.br\/clc\/2019\/05\/27\/exame-celpe-bras-e-aplicado-na-ufpel-de-28-a-30-de-maio\/","title":{"rendered":"Exame Celpe-Bras \u00e9 aplicado na UFPel de 28 a 30 de maio"},"content":{"rendered":"<p style=\"font-weight: 400;text-align: justify\"><a href=\"https:\/\/wp.ufpel.edu.br\/clc\/2019\/05\/27\/exame-celpe-bras-e-aplicado-na-ufpel-de-28-a-30-de-maio\/logo-celpebras-1\/\" rel=\"attachment wp-att-9452\"><img loading=\"lazy\" decoding=\"async\" class=\"alignnone wp-image-9452\" src=\"https:\/\/wp.ufpel.edu.br\/clc\/files\/2019\/05\/Logo-Celpebras-1.png\" alt=\"\" width=\"443\" height=\"161\" srcset=\"https:\/\/wp.ufpel.edu.br\/clc\/files\/2019\/05\/Logo-Celpebras-1.png 550w, https:\/\/wp.ufpel.edu.br\/clc\/files\/2019\/05\/Logo-Celpebras-1-212x77.png 212w, https:\/\/wp.ufpel.edu.br\/clc\/files\/2019\/05\/Logo-Celpebras-1-424x154.png 424w\" sizes=\"auto, (max-width: 443px) 100vw, 443px\" \/><\/a><\/p>\n<p style=\"font-weight: 400;text-align: justify\">O Celpe-Bras \u00e9 o \u00fanico certificado em Portugu\u00eas do Brasil com reconhecimento oficial do governo brasileiro. \u00c9 tamb\u00e9m exigido por universidades para ingresso em cursos de gradua\u00e7\u00e3o e em programas de p\u00f3s-gradua\u00e7\u00e3o e, internacionalmente, o documento \u00e9 aceito em empresas e institui\u00e7\u00f5es de ensino como comprova\u00e7\u00e3o de compet\u00eancia na L\u00edngua Portuguesa.<\/p>\n<p style=\"font-weight: 400;text-align: justify\">O exame \u00e9 organizado pelo Inep, \u00e9 aplicado no Brasil e em diversos outros pa\u00edses. Pela primeira vez a UFPEL ser\u00e1 posto aplicador\u00a0\u00a0do Celpe-Bras, com coordena\u00e7\u00e3o da professora\u00a0 do CLC Vanessa Doumid Damasceno. A prova ser\u00e1 aplicada no per\u00edodo de 28 a 30 de maio. O objetivo do exame \u00e9 permitir a comprova\u00e7\u00e3o oficial da profici\u00eancia em L\u00edngua Portuguesa.<\/p>\n<p style=\"font-weight: 400;text-align: justify\">EXAME CELPE-BRAS 2019\/1 UFPEL: lembretes<\/p>\n<ol style=\"text-align: justify\">\n<li style=\"font-weight: 400\">Prova escrita 28\/05\/2019 (ter\u00e7a-feira) &#8211; per\u00edodo da manh\u00e3 &#8211; PARA TODOS OS PARTICIPANTES<\/li>\n<li style=\"font-weight: 400\">Prova oral a partir das 14h do dia 28\/05, estendendo-se at\u00e9 o dia 30 (agendamento j\u00e1 informado a cada participante)<\/li>\n<li style=\"font-weight: 400\">A prova escrita dever\u00e1 ser realizada com CANETA PRETA produzida em material transparente<\/li>\n<li style=\"font-weight: 400\">Trazer documento de identifica\u00e7\u00e3o original, que tenha fotografia (passaporte ou RNE);<\/li>\n<li style=\"font-weight: 400\">Chegar com anteced\u00eancia: 8h<\/li>\n<\/ol>\n<p style=\"font-weight: 400;text-align: justify\">Hor\u00e1rio de abertura da sala para in\u00edcio dos procedimentos de identifica\u00e7\u00e3o: 8h30<\/p>\n<p style=\"font-weight: 400;text-align: justify\">Hor\u00e1rio de in\u00edcio da din\u00e2mica de aplica\u00e7\u00e3o da prova escrita: 9h<\/p>\n<ol style=\"text-align: justify\" start=\"6\">\n<li style=\"font-weight: 400\">Sala para a prova escrita: sala 111,\u00a0\u00a0Pr\u00e9dio Anglo, no Centro de Letras e Comunica\u00e7\u00e3o (Rua Gomes Carneiros, n\u00famero 1)<\/li>\n<li style=\"font-weight: 400\">Sala para a prova oral: sala 109,\u00a0\u00a0Pr\u00e9dio Anglo, no Centro de Letras e Comunica\u00e7\u00e3o (Rua Gomes Carneiros, n\u00famero 1)<\/li>\n<\/ol>\n<p style=\"font-weight: 400;text-align: justify\">E-mail para d\u00favidas\u00a0 &#8211; <a href=\"mailto:ppe.clc.ufpel@gmail.com\">ppe.clc.ufpel@gmail.com<\/a><\/p>\n","protected":false},"excerpt":{"rendered":"<p>O Celpe-Bras \u00e9 o \u00fanico certificado em Portugu\u00eas do Brasil com reconhecimento oficial do governo brasileiro. \u00c9 tamb\u00e9m exigido por universidades para ingresso em cursos de gradua\u00e7\u00e3o e em programas de p\u00f3s-gradua\u00e7\u00e3o e, internacionalmente, o documento \u00e9 aceito em empresas &hellip; <a href=\"https:\/\/wp.ufpel.edu.br\/clc\/2019\/05\/27\/exame-celpe-bras-e-aplicado-na-ufpel-de-28-a-30-de-maio\/\">Continue lendo <span class=\"meta-nav\">&rarr;<\/span><\/a><\/p>\n","protected":false},"author":50,"featured_media":0,"comment_status":"closed","ping_status":"closed","sticky":false,"template":"","format":"standard","meta":{"footnotes":""},"categories":[1],"tags":[],"class_list":["post-9449","post","type-post","status-publish","format-standard","hentry","category-notcias"],"jetpack_featured_media_url":"","_links":{"self":[{"href":"https:\/\/wp.ufpel.edu.br\/clc\/wp-json\/wp\/v2\/posts\/9449","targetHints":{"allow":["GET"]}}],"collection":[{"href":"https:\/\/wp.ufpel.edu.br\/clc\/wp-json\/wp\/v2\/posts"}],"about":[{"href":"https:\/\/wp.ufpel.edu.br\/clc\/wp-json\/wp\/v2\/types\/post"}],"author":[{"embeddable":true,"href":"https:\/\/wp.ufpel.edu.br\/clc\/wp-json\/wp\/v2\/users\/50"}],"replies":[{"embeddable":true,"href":"https:\/\/wp.ufpel.edu.br\/clc\/wp-json\/wp\/v2\/comments?post=9449"}],"version-history":[{"count":3,"href":"https:\/\/wp.ufpel.edu.br\/clc\/wp-json\/wp\/v2\/posts\/9449\/revisions"}],"predecessor-version":[{"id":9454,"href":"https:\/\/wp.ufpel.edu.br\/clc\/wp-json\/wp\/v2\/posts\/9449\/revisions\/9454"}],"wp:attachment":[{"href":"https:\/\/wp.ufpel.edu.br\/clc\/wp-json\/wp\/v2\/media?parent=9449"}],"wp:term":[{"taxonomy":"category","embeddable":true,"href":"https:\/\/wp.ufpel.edu.br\/clc\/wp-json\/wp\/v2\/categories?post=9449"},{"taxonomy":"post_tag","embeddable":true,"href":"https:\/\/wp.ufpel.edu.br\/clc\/wp-json\/wp\/v2\/tags?post=9449"}],"curies":[{"name":"wp","href":"https:\/\/api.w.org\/{rel}","templated":true}]}}