{"id":9361,"date":"2019-05-13T14:39:50","date_gmt":"2019-05-13T17:39:50","guid":{"rendered":"https:\/\/wp.ufpel.edu.br\/clc\/?p=9361"},"modified":"2019-05-13T14:39:50","modified_gmt":"2019-05-13T17:39:50","slug":"resultados-de-selecoes-para-bolsas-de-extensao-do-clc","status":"publish","type":"post","link":"https:\/\/wp.ufpel.edu.br\/clc\/2019\/05\/13\/resultados-de-selecoes-para-bolsas-de-extensao-do-clc\/","title":{"rendered":"Resultados de sele\u00e7\u00f5es para bolsas de extens\u00e3o do CLC"},"content":{"rendered":"<p style=\"text-align: justify\">As coordena\u00e7\u00f5es dos seguintes projetos de extens\u00e3o divulgaram os resultados dos processos seletivos para vagas no Programa de Bolsas Acad\u00eamicas \u2013 Modalidade Inicia\u00e7\u00e3o \u00e0 Extens\u00e3o.<\/p>\n<ul>\n<li style=\"text-align: justify\">Projeto <strong>Inclus\u00e3o digital e Promo\u00e7\u00e3o dos Direitos Sociais \u2013 Utiliza\u00e7\u00e3o da WebR\u00e1dio e WebTV para criar um ambiente interativo entre Universidade e a Sociedade:<\/strong> <a href=\"https:\/\/wp.ufpel.edu.br\/clc\/files\/2019\/05\/ATA-BOLSA-inclusa\u0303o-digital-Webra\u0301dio-e-WEbTV.pdf\">ATA BOLSA inclusa\u0303o digital- Webra\u0301dio e WEbTV<\/a><\/li>\n<li style=\"text-align: justify\">Projeto <strong>Forma\u00e7\u00e3o de Jovens Comunicadores:<\/strong> <a href=\"https:\/\/wp.ufpel.edu.br\/clc\/files\/2019\/05\/Ata-sele\u00e7\u00e3o-2019-Forma\u00e7\u00e3o-de-Jovens-Comunicadores.pdf\">Ata-sele\u00e7\u00e3o-2019 Forma\u00e7\u00e3o de Jovens Comunicadores<\/a><\/li>\n<li style=\"text-align: justify\">Projeto <strong>A Ci\u00eancia em Si \u2013 Divulga\u00e7\u00e3o Cient\u00edfica<\/strong>: <a href=\"https:\/\/wp.ufpel.edu.br\/clc\/files\/2019\/05\/Ata-sele\u00e7\u00e3o-2019-A-Ci\u00eanca-em-Si.pdf\">Ata-sele\u00e7\u00e3o-2019 A Ci\u00eanca em Si<\/a><\/li>\n<li style=\"text-align: justify\">Projeto <strong>Federal em Campo<\/strong>: <a href=\"https:\/\/wp.ufpel.edu.br\/clc\/files\/2019\/05\/Ata-sele\u00e7\u00e3o-2019-Federal-em-Campo.pdf\">Ata-sele\u00e7\u00e3o-2019 Federal em Campo<\/a><\/li>\n<li>Projeto <strong>Remi\u00e7\u00e3o de pena atrav\u00e9s da pr\u00e1tica de leitura no Pres\u00eddio Regional de Pelotas<\/strong>: <a href=\"https:\/\/wp.ufpel.edu.br\/clc\/files\/2019\/05\/ata-sele\u00e7\u00e3o-Remi\u00e7\u00e3o-de-pena-atrav\u00e9s-da-pr\u00e1tica-de-leitura-no-Pres\u00eddio-Regional-de-Pelotas.pdf\">ata sele\u00e7\u00e3o Remi\u00e7\u00e3o de pena atrav\u00e9s da pr\u00e1tica de leitura no Pres\u00eddio Regional de Pelotas<\/a><\/li>\n<li>Projeto <strong>Discrimina\u00e7\u00e3o: o que fazer?<\/strong>: <a href=\"https:\/\/wp.ufpel.edu.br\/clc\/files\/2019\/05\/ata-sele\u00e7\u00e3o-Discrimina\u00e7\u00e3o-na-UFPel.pdf\">ata sele\u00e7\u00e3o Discrimina\u00e7\u00e3o na UFPel<\/a><\/li>\n<\/ul>\n","protected":false},"excerpt":{"rendered":"<p>As coordena\u00e7\u00f5es dos seguintes projetos de extens\u00e3o divulgaram os resultados dos processos seletivos para vagas no Programa de Bolsas Acad\u00eamicas \u2013 Modalidade Inicia\u00e7\u00e3o \u00e0 Extens\u00e3o. Projeto Inclus\u00e3o digital e Promo\u00e7\u00e3o dos Direitos Sociais \u2013 Utiliza\u00e7\u00e3o da WebR\u00e1dio e WebTV para &hellip; <a href=\"https:\/\/wp.ufpel.edu.br\/clc\/2019\/05\/13\/resultados-de-selecoes-para-bolsas-de-extensao-do-clc\/\">Continue lendo <span class=\"meta-nav\">&rarr;<\/span><\/a><\/p>\n","protected":false},"author":50,"featured_media":0,"comment_status":"closed","ping_status":"closed","sticky":false,"template":"","format":"standard","meta":{"footnotes":""},"categories":[33380,33385,1],"tags":[],"class_list":["post-9361","post","type-post","status-publish","format-standard","hentry","category-camara-de-extensao","category-editais-e-resultados","category-notcias"],"jetpack_featured_media_url":"","_links":{"self":[{"href":"https:\/\/wp.ufpel.edu.br\/clc\/wp-json\/wp\/v2\/posts\/9361","targetHints":{"allow":["GET"]}}],"collection":[{"href":"https:\/\/wp.ufpel.edu.br\/clc\/wp-json\/wp\/v2\/posts"}],"about":[{"href":"https:\/\/wp.ufpel.edu.br\/clc\/wp-json\/wp\/v2\/types\/post"}],"author":[{"embeddable":true,"href":"https:\/\/wp.ufpel.edu.br\/clc\/wp-json\/wp\/v2\/users\/50"}],"replies":[{"embeddable":true,"href":"https:\/\/wp.ufpel.edu.br\/clc\/wp-json\/wp\/v2\/comments?post=9361"}],"version-history":[{"count":2,"href":"https:\/\/wp.ufpel.edu.br\/clc\/wp-json\/wp\/v2\/posts\/9361\/revisions"}],"predecessor-version":[{"id":9370,"href":"https:\/\/wp.ufpel.edu.br\/clc\/wp-json\/wp\/v2\/posts\/9361\/revisions\/9370"}],"wp:attachment":[{"href":"https:\/\/wp.ufpel.edu.br\/clc\/wp-json\/wp\/v2\/media?parent=9361"}],"wp:term":[{"taxonomy":"category","embeddable":true,"href":"https:\/\/wp.ufpel.edu.br\/clc\/wp-json\/wp\/v2\/categories?post=9361"},{"taxonomy":"post_tag","embeddable":true,"href":"https:\/\/wp.ufpel.edu.br\/clc\/wp-json\/wp\/v2\/tags?post=9361"}],"curies":[{"name":"wp","href":"https:\/\/api.w.org\/{rel}","templated":true}]}}