{"id":9356,"date":"2019-05-13T14:19:17","date_gmt":"2019-05-13T17:19:17","guid":{"rendered":"https:\/\/wp.ufpel.edu.br\/clc\/?p=9356"},"modified":"2019-05-14T14:21:10","modified_gmt":"2019-05-14T17:21:10","slug":"portugues-para-estrangeiros-da-ufpel-inscreve-para-bolsa-ampla-concorrencia","status":"publish","type":"post","link":"https:\/\/wp.ufpel.edu.br\/clc\/2019\/05\/13\/portugues-para-estrangeiros-da-ufpel-inscreve-para-bolsa-ampla-concorrencia\/","title":{"rendered":"Portugu\u00eas para estrangeiros da UFPEL inscreve para bolsa ampla concorr\u00eancia"},"content":{"rendered":"<p style=\"text-align: justify\">O Projeto de Ensino Programa de Portugu\u00eas para estrangeiros da UFPEL, coordenado pela professora Vanessa Doumid Damasceno, do CLC, torna p\u00fablico que realizar\u00e1 processo seletivo para o preenchimento de uma vaga na modalidade ampla concorr\u00eancia no Programa Bolsas Acad\u00eamicas. As inscri\u00e7\u00f5es ocorrem na sala 109 do CLC, de 14 a 17 de maio, das 14h \u00e0s 18h.<\/p>\n<p style=\"text-align: justify\">Confira os crit\u00e9rios de sele\u00e7\u00e3o no edital: <a href=\"https:\/\/wp.ufpel.edu.br\/clc\/2019\/05\/13\/portugues-para-estrangeiros-da-ufpel-inscreve-para-bolsa-ampla-concorrencia\/edital-ppe-1\/\" rel=\"attachment wp-att-9392\">Edital PPE (1)<\/a>\u00a0retificado em 14\/05: pr\u00e9-requisitos para concorrer \u00e0 bolsa: discentes regularmente matriculados\/as no curso de gradua\u00e7\u00e3o do CLC de Portugu\u00eas\/Ingl\u00eas.<\/p>\n","protected":false},"excerpt":{"rendered":"<p>O Projeto de Ensino Programa de Portugu\u00eas para estrangeiros da UFPEL, coordenado pela professora Vanessa Doumid Damasceno, do CLC, torna p\u00fablico que realizar\u00e1 processo seletivo para o preenchimento de uma vaga na modalidade ampla concorr\u00eancia no Programa Bolsas Acad\u00eamicas. As &hellip; <a href=\"https:\/\/wp.ufpel.edu.br\/clc\/2019\/05\/13\/portugues-para-estrangeiros-da-ufpel-inscreve-para-bolsa-ampla-concorrencia\/\">Continue lendo <span class=\"meta-nav\">&rarr;<\/span><\/a><\/p>\n","protected":false},"author":50,"featured_media":0,"comment_status":"closed","ping_status":"closed","sticky":false,"template":"","format":"standard","meta":{"footnotes":""},"categories":[33388,33385],"tags":[],"class_list":["post-9356","post","type-post","status-publish","format-standard","hentry","category-camara-de-ensino","category-editais-e-resultados"],"jetpack_featured_media_url":"","_links":{"self":[{"href":"https:\/\/wp.ufpel.edu.br\/clc\/wp-json\/wp\/v2\/posts\/9356","targetHints":{"allow":["GET"]}}],"collection":[{"href":"https:\/\/wp.ufpel.edu.br\/clc\/wp-json\/wp\/v2\/posts"}],"about":[{"href":"https:\/\/wp.ufpel.edu.br\/clc\/wp-json\/wp\/v2\/types\/post"}],"author":[{"embeddable":true,"href":"https:\/\/wp.ufpel.edu.br\/clc\/wp-json\/wp\/v2\/users\/50"}],"replies":[{"embeddable":true,"href":"https:\/\/wp.ufpel.edu.br\/clc\/wp-json\/wp\/v2\/comments?post=9356"}],"version-history":[{"count":4,"href":"https:\/\/wp.ufpel.edu.br\/clc\/wp-json\/wp\/v2\/posts\/9356\/revisions"}],"predecessor-version":[{"id":9394,"href":"https:\/\/wp.ufpel.edu.br\/clc\/wp-json\/wp\/v2\/posts\/9356\/revisions\/9394"}],"wp:attachment":[{"href":"https:\/\/wp.ufpel.edu.br\/clc\/wp-json\/wp\/v2\/media?parent=9356"}],"wp:term":[{"taxonomy":"category","embeddable":true,"href":"https:\/\/wp.ufpel.edu.br\/clc\/wp-json\/wp\/v2\/categories?post=9356"},{"taxonomy":"post_tag","embeddable":true,"href":"https:\/\/wp.ufpel.edu.br\/clc\/wp-json\/wp\/v2\/tags?post=9356"}],"curies":[{"name":"wp","href":"https:\/\/api.w.org\/{rel}","templated":true}]}}