{"id":9206,"date":"2019-05-02T19:30:50","date_gmt":"2019-05-02T22:30:50","guid":{"rendered":"https:\/\/wp.ufpel.edu.br\/clc\/?p=9206"},"modified":"2019-05-02T19:33:12","modified_gmt":"2019-05-02T22:33:12","slug":"projeto-de-extensao-seleciona-bolsista","status":"publish","type":"post","link":"https:\/\/wp.ufpel.edu.br\/clc\/2019\/05\/02\/projeto-de-extensao-seleciona-bolsista\/","title":{"rendered":"Projeto de extens\u00e3o seleciona bolsista"},"content":{"rendered":"<p style=\"text-align: justify\">A Coordena\u00e7\u00e3o do <strong>Projeto Testes de Compet\u00eancia Leitora em L\u00edngua<\/strong> <strong>Estrangeira (TCLLE)<\/strong> torna p\u00fablico que est\u00e3o abertas inscri\u00e7\u00f5es para sele\u00e7\u00e3o de um<strong>\u00a0<\/strong>bolsista no \u00e2mbito do Programa de Bolsas Acad\u00eamicas\/2019, na modalidade Inicia\u00e7\u00e3o \u00e0 Extens\u00e3o e Cultura, submodalidade Extens\u00e3o\/PREC.<\/p>\n<p style=\"text-align: justify\">Podem candidatar-se nesse edital alunos regularmente matriculados nos cursos de gradua\u00e7\u00e3o em Letras da UFPel, cursando no m\u00ednimo a partir do 3\u00ba semestre, e que disponham de 20 horas semanais no turno da tarde para atuar presencialmente no projeto.<\/p>\n<p style=\"text-align: justify\">Confira o edital com mais informa\u00e7\u00f5es sobre a inscri\u00e7\u00e3o: <a href=\"https:\/\/wp.ufpel.edu.br\/clc\/files\/2019\/05\/Edital-para-sele\u00e7\u00e3o-de-bolsistas.pdf\">Edital-para-sele\u00e7\u00e3o-de-bolsistas<\/a><\/p>\n","protected":false},"excerpt":{"rendered":"<p>A Coordena\u00e7\u00e3o do Projeto Testes de Compet\u00eancia Leitora em L\u00edngua Estrangeira (TCLLE) torna p\u00fablico que est\u00e3o abertas inscri\u00e7\u00f5es para sele\u00e7\u00e3o de um\u00a0bolsista no \u00e2mbito do Programa de Bolsas Acad\u00eamicas\/2019, na modalidade Inicia\u00e7\u00e3o \u00e0 Extens\u00e3o e Cultura, submodalidade Extens\u00e3o\/PREC. Podem candidatar-se &hellip; <a href=\"https:\/\/wp.ufpel.edu.br\/clc\/2019\/05\/02\/projeto-de-extensao-seleciona-bolsista\/\">Continue lendo <span class=\"meta-nav\">&rarr;<\/span><\/a><\/p>\n","protected":false},"author":50,"featured_media":0,"comment_status":"closed","ping_status":"closed","sticky":false,"template":"","format":"standard","meta":{"footnotes":""},"categories":[33380,33385],"tags":[],"class_list":["post-9206","post","type-post","status-publish","format-standard","hentry","category-camara-de-extensao","category-editais-e-resultados"],"jetpack_featured_media_url":"","_links":{"self":[{"href":"https:\/\/wp.ufpel.edu.br\/clc\/wp-json\/wp\/v2\/posts\/9206","targetHints":{"allow":["GET"]}}],"collection":[{"href":"https:\/\/wp.ufpel.edu.br\/clc\/wp-json\/wp\/v2\/posts"}],"about":[{"href":"https:\/\/wp.ufpel.edu.br\/clc\/wp-json\/wp\/v2\/types\/post"}],"author":[{"embeddable":true,"href":"https:\/\/wp.ufpel.edu.br\/clc\/wp-json\/wp\/v2\/users\/50"}],"replies":[{"embeddable":true,"href":"https:\/\/wp.ufpel.edu.br\/clc\/wp-json\/wp\/v2\/comments?post=9206"}],"version-history":[{"count":2,"href":"https:\/\/wp.ufpel.edu.br\/clc\/wp-json\/wp\/v2\/posts\/9206\/revisions"}],"predecessor-version":[{"id":9211,"href":"https:\/\/wp.ufpel.edu.br\/clc\/wp-json\/wp\/v2\/posts\/9206\/revisions\/9211"}],"wp:attachment":[{"href":"https:\/\/wp.ufpel.edu.br\/clc\/wp-json\/wp\/v2\/media?parent=9206"}],"wp:term":[{"taxonomy":"category","embeddable":true,"href":"https:\/\/wp.ufpel.edu.br\/clc\/wp-json\/wp\/v2\/categories?post=9206"},{"taxonomy":"post_tag","embeddable":true,"href":"https:\/\/wp.ufpel.edu.br\/clc\/wp-json\/wp\/v2\/tags?post=9206"}],"curies":[{"name":"wp","href":"https:\/\/api.w.org\/{rel}","templated":true}]}}