{"id":9202,"date":"2019-05-02T15:48:47","date_gmt":"2019-05-02T18:48:47","guid":{"rendered":"https:\/\/wp.ufpel.edu.br\/clc\/?p=9202"},"modified":"2019-05-02T15:48:47","modified_gmt":"2019-05-02T18:48:47","slug":"prorrogado-o-periodo-para-submissao-de-resumos-para-comunicacoes-na-5a-jornada-de-estudos-da-linguagem","status":"publish","type":"post","link":"https:\/\/wp.ufpel.edu.br\/clc\/2019\/05\/02\/prorrogado-o-periodo-para-submissao-de-resumos-para-comunicacoes-na-5a-jornada-de-estudos-da-linguagem\/","title":{"rendered":"Prorrogado o per\u00edodo para submiss\u00e3o de resumos para comunica\u00e7\u00f5es na 5\u00aa Jornada de Estudos da Linguagem"},"content":{"rendered":"<p style=\"text-align: justify\"><a href=\"https:\/\/wp.ufpel.edu.br\/clc\/files\/2019\/05\/Capturar3.png\"><img loading=\"lazy\" decoding=\"async\" class=\"wp-image-9204 alignleft\" src=\"https:\/\/wp.ufpel.edu.br\/clc\/files\/2019\/05\/Capturar3.png\" alt=\"\" width=\"288\" height=\"164\" srcset=\"https:\/\/wp.ufpel.edu.br\/clc\/files\/2019\/05\/Capturar3.png 548w, https:\/\/wp.ufpel.edu.br\/clc\/files\/2019\/05\/Capturar3-212x121.png 212w, https:\/\/wp.ufpel.edu.br\/clc\/files\/2019\/05\/Capturar3-424x241.png 424w\" sizes=\"auto, (max-width: 288px) 100vw, 288px\" \/><\/a>Est\u00e1 prorrogado at\u00e9 o dia 15\/05 o per\u00edodo para submiss\u00f5es de resumos para comunica\u00e7\u00f5es em simp\u00f3sios, que come\u00e7ou no dia 27\/03. Mais informa\u00e7\u00f5es est\u00e3o no site: <a href=\"https:\/\/wp.ufpel.edu.br\/jel\/resumos-submissao\/\" data-saferedirecturl=\"https:\/\/www.google.com\/url?q=https:\/\/wp.ufpel.edu.br\/jel\/resumos-submissao\/&amp;source=gmail&amp;ust=1556908039180000&amp;usg=AFQjCNEZAvNjPxk6DVyfEvzjoaNeOC01YQ\">https:\/\/wp.ufpel.edu.br\/jel\/resumos-submissao\/.<\/a><\/p>\n<p>&nbsp;<\/p>\n","protected":false},"excerpt":{"rendered":"<p>Est\u00e1 prorrogado at\u00e9 o dia 15\/05 o per\u00edodo para submiss\u00f5es de resumos para comunica\u00e7\u00f5es em simp\u00f3sios, que come\u00e7ou no dia 27\/03. Mais informa\u00e7\u00f5es est\u00e3o no site: https:\/\/wp.ufpel.edu.br\/jel\/resumos-submissao\/. &nbsp;<\/p>\n","protected":false},"author":50,"featured_media":0,"comment_status":"closed","ping_status":"closed","sticky":false,"template":"","format":"standard","meta":{"footnotes":""},"categories":[33373,33386],"tags":[],"class_list":["post-9202","post","type-post","status-publish","format-standard","hentry","category-avisos","category-eventos"],"jetpack_featured_media_url":"","_links":{"self":[{"href":"https:\/\/wp.ufpel.edu.br\/clc\/wp-json\/wp\/v2\/posts\/9202","targetHints":{"allow":["GET"]}}],"collection":[{"href":"https:\/\/wp.ufpel.edu.br\/clc\/wp-json\/wp\/v2\/posts"}],"about":[{"href":"https:\/\/wp.ufpel.edu.br\/clc\/wp-json\/wp\/v2\/types\/post"}],"author":[{"embeddable":true,"href":"https:\/\/wp.ufpel.edu.br\/clc\/wp-json\/wp\/v2\/users\/50"}],"replies":[{"embeddable":true,"href":"https:\/\/wp.ufpel.edu.br\/clc\/wp-json\/wp\/v2\/comments?post=9202"}],"version-history":[{"count":1,"href":"https:\/\/wp.ufpel.edu.br\/clc\/wp-json\/wp\/v2\/posts\/9202\/revisions"}],"predecessor-version":[{"id":9205,"href":"https:\/\/wp.ufpel.edu.br\/clc\/wp-json\/wp\/v2\/posts\/9202\/revisions\/9205"}],"wp:attachment":[{"href":"https:\/\/wp.ufpel.edu.br\/clc\/wp-json\/wp\/v2\/media?parent=9202"}],"wp:term":[{"taxonomy":"category","embeddable":true,"href":"https:\/\/wp.ufpel.edu.br\/clc\/wp-json\/wp\/v2\/categories?post=9202"},{"taxonomy":"post_tag","embeddable":true,"href":"https:\/\/wp.ufpel.edu.br\/clc\/wp-json\/wp\/v2\/tags?post=9202"}],"curies":[{"name":"wp","href":"https:\/\/api.w.org\/{rel}","templated":true}]}}