{"id":9198,"date":"2019-05-02T14:50:37","date_gmt":"2019-05-02T17:50:37","guid":{"rendered":"https:\/\/wp.ufpel.edu.br\/clc\/?p=9198"},"modified":"2019-05-13T16:48:52","modified_gmt":"2019-05-13T19:48:52","slug":"9198","status":"publish","type":"post","link":"https:\/\/wp.ufpel.edu.br\/clc\/2019\/05\/02\/9198\/","title":{"rendered":"Curso de extens\u00e3o aborda a tradu\u00e7\u00e3o no ensino de l\u00ednguas estrangeiras"},"content":{"rendered":"<p style=\"text-align: justify\">Curso adiado para 22\/05: <a href=\"https:\/\/wp.me\/p8BNZR-2rk\">https:\/\/wp.me\/p8BNZR-2rk<\/a><\/p>\n<p style=\"text-align: justify\">O projeto de extens\u00e3o &#8220;A tradu\u00e7\u00e3o no ensino de l\u00ednguas estrangeiras: isso \u00e9 vi\u00e1vel nos dias de hoje?&#8221;\u00a0 pretende proporcionar um espa\u00e7o de discuss\u00e3o \u00e0s\/aos participantes a fim de refletir acerca dos pap\u00e9is da tradu\u00e7\u00e3o no ensino de l\u00ednguas estrangeiras. O curso ser\u00e1 realizado \u00e0s quartas-feiras no per\u00edodo de 15\/05 a 12\/06, sempre das 8h \u00e0s 12h, na sala 305 do Campus II. As inscri\u00e7\u00f5es dever\u00e3o ser feitas pelo endere\u00e7o eletr\u00f4nico &lt;grahcord@gmail.com&gt;. Disponibilizam-se 20 vagas e o curso perfar\u00e1 um total de 20h. O projeto \u00e9 coordenado pela professora do CLC Roberta Rodrigues.<\/p>\n<p style=\"text-align: justify\">O curso discute os pap\u00e9is da tradu\u00e7\u00e3o no ensino de l\u00ednguas estrangeiras, nos dias de hoje, indagando se \u00e9 vi\u00e1vel utiliz\u00e1-la nesse ensino. A tradu\u00e7\u00e3o faz parte da vida humana h\u00e1 s\u00e9culos (VERMES, 2010), por\u00e9m, atualmente, n\u00e3o parece ser benquista no referido ensino. Tendo isso em mente, tal discuss\u00e3o se dar\u00e1 com indiv\u00edduos que se interessem pelo tema, como, por exemplo, professoras\/es e estudantes, dentro e fora da Universidade Federal de Pelotas.<\/p>\n","protected":false},"excerpt":{"rendered":"<p>Curso adiado para 22\/05: https:\/\/wp.me\/p8BNZR-2rk O projeto de extens\u00e3o &#8220;A tradu\u00e7\u00e3o no ensino de l\u00ednguas estrangeiras: isso \u00e9 vi\u00e1vel nos dias de hoje?&#8221;\u00a0 pretende proporcionar um espa\u00e7o de discuss\u00e3o \u00e0s\/aos participantes a fim de refletir acerca dos pap\u00e9is da tradu\u00e7\u00e3o &hellip; <a href=\"https:\/\/wp.ufpel.edu.br\/clc\/2019\/05\/02\/9198\/\">Continue lendo <span class=\"meta-nav\">&rarr;<\/span><\/a><\/p>\n","protected":false},"author":50,"featured_media":0,"comment_status":"closed","ping_status":"closed","sticky":false,"template":"","format":"standard","meta":{"footnotes":""},"categories":[33383,33380,33392],"tags":[],"class_list":["post-9198","post","type-post","status-publish","format-standard","hentry","category-abertos-a-comunidade","category-camara-de-extensao","category-cursos"],"jetpack_featured_media_url":"","_links":{"self":[{"href":"https:\/\/wp.ufpel.edu.br\/clc\/wp-json\/wp\/v2\/posts\/9198","targetHints":{"allow":["GET"]}}],"collection":[{"href":"https:\/\/wp.ufpel.edu.br\/clc\/wp-json\/wp\/v2\/posts"}],"about":[{"href":"https:\/\/wp.ufpel.edu.br\/clc\/wp-json\/wp\/v2\/types\/post"}],"author":[{"embeddable":true,"href":"https:\/\/wp.ufpel.edu.br\/clc\/wp-json\/wp\/v2\/users\/50"}],"replies":[{"embeddable":true,"href":"https:\/\/wp.ufpel.edu.br\/clc\/wp-json\/wp\/v2\/comments?post=9198"}],"version-history":[{"count":3,"href":"https:\/\/wp.ufpel.edu.br\/clc\/wp-json\/wp\/v2\/posts\/9198\/revisions"}],"predecessor-version":[{"id":9385,"href":"https:\/\/wp.ufpel.edu.br\/clc\/wp-json\/wp\/v2\/posts\/9198\/revisions\/9385"}],"wp:attachment":[{"href":"https:\/\/wp.ufpel.edu.br\/clc\/wp-json\/wp\/v2\/media?parent=9198"}],"wp:term":[{"taxonomy":"category","embeddable":true,"href":"https:\/\/wp.ufpel.edu.br\/clc\/wp-json\/wp\/v2\/categories?post=9198"},{"taxonomy":"post_tag","embeddable":true,"href":"https:\/\/wp.ufpel.edu.br\/clc\/wp-json\/wp\/v2\/tags?post=9198"}],"curies":[{"name":"wp","href":"https:\/\/api.w.org\/{rel}","templated":true}]}}