{"id":9194,"date":"2019-05-02T14:37:24","date_gmt":"2019-05-02T17:37:24","guid":{"rendered":"https:\/\/wp.ufpel.edu.br\/clc\/?p=9194"},"modified":"2019-05-02T14:37:24","modified_gmt":"2019-05-02T17:37:24","slug":"projeto-sobre-linguagem-e-ensino-seleciona-bolsista","status":"publish","type":"post","link":"https:\/\/wp.ufpel.edu.br\/clc\/2019\/05\/02\/projeto-sobre-linguagem-e-ensino-seleciona-bolsista\/","title":{"rendered":"Projeto sobre Linguagem e Ensino seleciona bolsista"},"content":{"rendered":"<p style=\"text-align: justify\">O Projeto de Ensino &#8220;Linguagem &amp; Ensino: desenvolvendo habilidades de editoria e revis\u00e3o entre alunos e docentes&#8221;, coordenado pelo Professor Bernardo Kolling Limberger do Centro de Letras e Comunica\u00e7\u00e3o, torna p\u00fablico que realizar\u00e1 Processo Seletivo para o preenchimento de uma vaga no Programa Bolsas Acad\u00eamicas.<\/p>\n<p style=\"text-align: justify\">As inscri\u00e7\u00f5es est\u00e3o abertas de 03 a 07 de maio de 2019. Confira os requisitos para participar e como realizar sua inscri\u00e7\u00e3o no <a href=\"https:\/\/wp.ufpel.edu.br\/clc\/files\/2019\/05\/Edital-de-sele\u00e7\u00e3o-de-bolsista-para-o-projeto-Linguagem-Ensino-2019.pdf\">Edital de sele\u00e7\u00e3o de bolsista para o projeto Linguagem &amp; Ensino (2019)<\/a><\/p>\n","protected":false},"excerpt":{"rendered":"<p>O Projeto de Ensino &#8220;Linguagem &amp; Ensino: desenvolvendo habilidades de editoria e revis\u00e3o entre alunos e docentes&#8221;, coordenado pelo Professor Bernardo Kolling Limberger do Centro de Letras e Comunica\u00e7\u00e3o, torna p\u00fablico que realizar\u00e1 Processo Seletivo para o preenchimento de uma &hellip; <a href=\"https:\/\/wp.ufpel.edu.br\/clc\/2019\/05\/02\/projeto-sobre-linguagem-e-ensino-seleciona-bolsista\/\">Continue lendo <span class=\"meta-nav\">&rarr;<\/span><\/a><\/p>\n","protected":false},"author":50,"featured_media":0,"comment_status":"closed","ping_status":"closed","sticky":false,"template":"","format":"standard","meta":{"footnotes":""},"categories":[33385],"tags":[],"class_list":["post-9194","post","type-post","status-publish","format-standard","hentry","category-editais-e-resultados"],"jetpack_featured_media_url":"","_links":{"self":[{"href":"https:\/\/wp.ufpel.edu.br\/clc\/wp-json\/wp\/v2\/posts\/9194","targetHints":{"allow":["GET"]}}],"collection":[{"href":"https:\/\/wp.ufpel.edu.br\/clc\/wp-json\/wp\/v2\/posts"}],"about":[{"href":"https:\/\/wp.ufpel.edu.br\/clc\/wp-json\/wp\/v2\/types\/post"}],"author":[{"embeddable":true,"href":"https:\/\/wp.ufpel.edu.br\/clc\/wp-json\/wp\/v2\/users\/50"}],"replies":[{"embeddable":true,"href":"https:\/\/wp.ufpel.edu.br\/clc\/wp-json\/wp\/v2\/comments?post=9194"}],"version-history":[{"count":1,"href":"https:\/\/wp.ufpel.edu.br\/clc\/wp-json\/wp\/v2\/posts\/9194\/revisions"}],"predecessor-version":[{"id":9197,"href":"https:\/\/wp.ufpel.edu.br\/clc\/wp-json\/wp\/v2\/posts\/9194\/revisions\/9197"}],"wp:attachment":[{"href":"https:\/\/wp.ufpel.edu.br\/clc\/wp-json\/wp\/v2\/media?parent=9194"}],"wp:term":[{"taxonomy":"category","embeddable":true,"href":"https:\/\/wp.ufpel.edu.br\/clc\/wp-json\/wp\/v2\/categories?post=9194"},{"taxonomy":"post_tag","embeddable":true,"href":"https:\/\/wp.ufpel.edu.br\/clc\/wp-json\/wp\/v2\/tags?post=9194"}],"curies":[{"name":"wp","href":"https:\/\/api.w.org\/{rel}","templated":true}]}}