{"id":9187,"date":"2019-04-30T17:51:52","date_gmt":"2019-04-30T20:51:52","guid":{"rendered":"https:\/\/wp.ufpel.edu.br\/clc\/?p=9187"},"modified":"2019-04-30T17:54:31","modified_gmt":"2019-04-30T20:54:31","slug":"eventos-do-clc-no-mes-de-maio","status":"publish","type":"post","link":"https:\/\/wp.ufpel.edu.br\/clc\/2019\/04\/30\/eventos-do-clc-no-mes-de-maio\/","title":{"rendered":"Eventos do CLC no m\u00eas de maio"},"content":{"rendered":"<p style=\"text-align: justify\">Clique no cartaz para visualizar os eventos que ocorrem no m\u00eas de maio no Centro de Letras e Comunica\u00e7\u00e3o da UFPel.<\/p>\n<p><a href=\"https:\/\/wp.ufpel.edu.br\/clc\/files\/2019\/04\/CLC-Eventos-Maio-1.jpg\"><img loading=\"lazy\" decoding=\"async\" class=\"alignnone size-full wp-image-9191\" src=\"https:\/\/wp.ufpel.edu.br\/clc\/files\/2019\/04\/CLC-Eventos-Maio-1.jpg\" alt=\"\" width=\"1920\" height=\"1080\" srcset=\"https:\/\/wp.ufpel.edu.br\/clc\/files\/2019\/04\/CLC-Eventos-Maio-1.jpg 1920w, https:\/\/wp.ufpel.edu.br\/clc\/files\/2019\/04\/CLC-Eventos-Maio-1-212x119.jpg 212w, https:\/\/wp.ufpel.edu.br\/clc\/files\/2019\/04\/CLC-Eventos-Maio-1-424x239.jpg 424w, https:\/\/wp.ufpel.edu.br\/clc\/files\/2019\/04\/CLC-Eventos-Maio-1-768x432.jpg 768w\" sizes=\"auto, (max-width: 1920px) 100vw, 1920px\" \/><\/a><\/p>\n","protected":false},"excerpt":{"rendered":"<p>Clique no cartaz para visualizar os eventos que ocorrem no m\u00eas de maio no Centro de Letras e Comunica\u00e7\u00e3o da UFPel.<\/p>\n","protected":false},"author":50,"featured_media":0,"comment_status":"closed","ping_status":"closed","sticky":false,"template":"","format":"standard","meta":{"footnotes":""},"categories":[33386],"tags":[],"class_list":["post-9187","post","type-post","status-publish","format-standard","hentry","category-eventos"],"jetpack_featured_media_url":"","_links":{"self":[{"href":"https:\/\/wp.ufpel.edu.br\/clc\/wp-json\/wp\/v2\/posts\/9187","targetHints":{"allow":["GET"]}}],"collection":[{"href":"https:\/\/wp.ufpel.edu.br\/clc\/wp-json\/wp\/v2\/posts"}],"about":[{"href":"https:\/\/wp.ufpel.edu.br\/clc\/wp-json\/wp\/v2\/types\/post"}],"author":[{"embeddable":true,"href":"https:\/\/wp.ufpel.edu.br\/clc\/wp-json\/wp\/v2\/users\/50"}],"replies":[{"embeddable":true,"href":"https:\/\/wp.ufpel.edu.br\/clc\/wp-json\/wp\/v2\/comments?post=9187"}],"version-history":[{"count":2,"href":"https:\/\/wp.ufpel.edu.br\/clc\/wp-json\/wp\/v2\/posts\/9187\/revisions"}],"predecessor-version":[{"id":9192,"href":"https:\/\/wp.ufpel.edu.br\/clc\/wp-json\/wp\/v2\/posts\/9187\/revisions\/9192"}],"wp:attachment":[{"href":"https:\/\/wp.ufpel.edu.br\/clc\/wp-json\/wp\/v2\/media?parent=9187"}],"wp:term":[{"taxonomy":"category","embeddable":true,"href":"https:\/\/wp.ufpel.edu.br\/clc\/wp-json\/wp\/v2\/categories?post=9187"},{"taxonomy":"post_tag","embeddable":true,"href":"https:\/\/wp.ufpel.edu.br\/clc\/wp-json\/wp\/v2\/tags?post=9187"}],"curies":[{"name":"wp","href":"https:\/\/api.w.org\/{rel}","templated":true}]}}