{"id":9176,"date":"2019-05-03T14:22:40","date_gmt":"2019-05-03T17:22:40","guid":{"rendered":"https:\/\/wp.ufpel.edu.br\/clc\/?p=9176"},"modified":"2019-05-03T14:22:40","modified_gmt":"2019-05-03T17:22:40","slug":"curso-sobre-ensino-de-espanhol-para-criancas-inicia-no-dia-8","status":"publish","type":"post","link":"https:\/\/wp.ufpel.edu.br\/clc\/2019\/05\/03\/curso-sobre-ensino-de-espanhol-para-criancas-inicia-no-dia-8\/","title":{"rendered":"Curso sobre Ensino de Espanhol para Crian\u00e7as inicia no dia 8"},"content":{"rendered":"<p style=\"text-align: justify\">Curso de extens\u00e3o que abordar\u00e1 o Ensino de Espanhol para Crian\u00e7as tem in\u00edcio no dia 08\/05\/2019, das 9h \u00e0s 11h, na sala 254 do Campus Anglo. As inscri\u00e7\u00f5es podem ser feitas online, atrav\u00e9s do e-mail <a href=\"mailto:anarosaf@terra.com.br\">anarosaf@terra.com.br<\/a>,\u00a0 ou presencialmente, no dia em que come\u00e7am as aulas. O curso \u00e9 aberto \u00e0 comunidade e tem como p\u00fablico-alvo professores da rede p\u00fablica de ensino, alunos e ex-alunos do curso de gradua\u00e7\u00e3o em Letras &#8211; Portugu\u00eas\/Espanhol.<\/p>\n","protected":false},"excerpt":{"rendered":"<p>Curso de extens\u00e3o que abordar\u00e1 o Ensino de Espanhol para Crian\u00e7as tem in\u00edcio no dia 08\/05\/2019, das 9h \u00e0s 11h, na sala 254 do Campus Anglo. As inscri\u00e7\u00f5es podem ser feitas online, atrav\u00e9s do e-mail anarosaf@terra.com.br,\u00a0 ou presencialmente, no dia &hellip; <a href=\"https:\/\/wp.ufpel.edu.br\/clc\/2019\/05\/03\/curso-sobre-ensino-de-espanhol-para-criancas-inicia-no-dia-8\/\">Continue lendo <span class=\"meta-nav\">&rarr;<\/span><\/a><\/p>\n","protected":false},"author":50,"featured_media":0,"comment_status":"closed","ping_status":"closed","sticky":false,"template":"","format":"standard","meta":{"footnotes":""},"categories":[33383,33380,33392,1],"tags":[],"class_list":["post-9176","post","type-post","status-publish","format-standard","hentry","category-abertos-a-comunidade","category-camara-de-extensao","category-cursos","category-notcias"],"jetpack_featured_media_url":"","_links":{"self":[{"href":"https:\/\/wp.ufpel.edu.br\/clc\/wp-json\/wp\/v2\/posts\/9176","targetHints":{"allow":["GET"]}}],"collection":[{"href":"https:\/\/wp.ufpel.edu.br\/clc\/wp-json\/wp\/v2\/posts"}],"about":[{"href":"https:\/\/wp.ufpel.edu.br\/clc\/wp-json\/wp\/v2\/types\/post"}],"author":[{"embeddable":true,"href":"https:\/\/wp.ufpel.edu.br\/clc\/wp-json\/wp\/v2\/users\/50"}],"replies":[{"embeddable":true,"href":"https:\/\/wp.ufpel.edu.br\/clc\/wp-json\/wp\/v2\/comments?post=9176"}],"version-history":[{"count":3,"href":"https:\/\/wp.ufpel.edu.br\/clc\/wp-json\/wp\/v2\/posts\/9176\/revisions"}],"predecessor-version":[{"id":9213,"href":"https:\/\/wp.ufpel.edu.br\/clc\/wp-json\/wp\/v2\/posts\/9176\/revisions\/9213"}],"wp:attachment":[{"href":"https:\/\/wp.ufpel.edu.br\/clc\/wp-json\/wp\/v2\/media?parent=9176"}],"wp:term":[{"taxonomy":"category","embeddable":true,"href":"https:\/\/wp.ufpel.edu.br\/clc\/wp-json\/wp\/v2\/categories?post=9176"},{"taxonomy":"post_tag","embeddable":true,"href":"https:\/\/wp.ufpel.edu.br\/clc\/wp-json\/wp\/v2\/tags?post=9176"}],"curies":[{"name":"wp","href":"https:\/\/api.w.org\/{rel}","templated":true}]}}