{"id":8253,"date":"2018-10-25T16:40:59","date_gmt":"2018-10-25T19:40:59","guid":{"rendered":"https:\/\/wp.ufpel.edu.br\/clc\/?p=8253"},"modified":"2018-11-08T15:34:34","modified_gmt":"2018-11-08T17:34:34","slug":"resultado-da-selecao-para-ministrante-do-curso-de-espanhol-basico","status":"publish","type":"post","link":"https:\/\/wp.ufpel.edu.br\/clc\/2018\/10\/25\/resultado-da-selecao-para-ministrante-do-curso-de-espanhol-basico\/","title":{"rendered":"Resultado da sele\u00e7\u00e3o para ministrante do Curso de Espanhol B\u00e1sico"},"content":{"rendered":"<p style=\"text-align: justify\">O projeto de extens\u00e3o \u201c<a href=\"https:\/\/wp.ufpel.edu.br\/cursosdelinguas\/\" target=\"_blank\" rel=\"noopener\">Cursos de L\u00ednguas<\/a>\u201d torna p\u00fablico o resultado do edital para sele\u00e7\u00e3o de MINISTRANTES DOS CURSOS B\u00c1SICOS DE L\u00cdNGUA ESPANHOLA, referente ao edital:\u00a0<a href=\"https:\/\/wp.ufpel.edu.br\/clc\/files\/2018\/10\/Edital-13_sele%C3%A7%C3%A3o-ministrante-espanhol-SEI_UFPel-0290216-Edital.pdf\">Edital 13_sele\u00e7\u00e3o ministrante espanhol SEI_UFPel \u2013 0290216 \u2013 Edital<\/a><\/p>\n<p>Confira:\u00a0<a href=\"https:\/\/wp.ufpel.edu.br\/clc\/files\/2018\/10\/Resultado-Edital-13_2018-sele\u00e7ao-ministrante-Espanhol-2018-2.pdf\">Resultado Edital 13_2018 sele\u00e7ao ministrante Espanhol 2018-2<\/a><\/p>\n","protected":false},"excerpt":{"rendered":"<p>O projeto de extens\u00e3o \u201cCursos de L\u00ednguas\u201d torna p\u00fablico o resultado do edital para sele\u00e7\u00e3o de MINISTRANTES DOS CURSOS B\u00c1SICOS DE L\u00cdNGUA ESPANHOLA, referente ao edital:\u00a0Edital 13_sele\u00e7\u00e3o ministrante espanhol SEI_UFPel \u2013 0290216 \u2013 Edital Confira:\u00a0Resultado Edital 13_2018 sele\u00e7ao ministrante Espanhol &hellip; <a href=\"https:\/\/wp.ufpel.edu.br\/clc\/2018\/10\/25\/resultado-da-selecao-para-ministrante-do-curso-de-espanhol-basico\/\">Continue lendo <span class=\"meta-nav\">&rarr;<\/span><\/a><\/p>\n","protected":false},"author":50,"featured_media":0,"comment_status":"closed","ping_status":"closed","sticky":false,"template":"","format":"standard","meta":{"footnotes":""},"categories":[33385],"tags":[],"class_list":["post-8253","post","type-post","status-publish","format-standard","hentry","category-editais-e-resultados"],"jetpack_featured_media_url":"","_links":{"self":[{"href":"https:\/\/wp.ufpel.edu.br\/clc\/wp-json\/wp\/v2\/posts\/8253","targetHints":{"allow":["GET"]}}],"collection":[{"href":"https:\/\/wp.ufpel.edu.br\/clc\/wp-json\/wp\/v2\/posts"}],"about":[{"href":"https:\/\/wp.ufpel.edu.br\/clc\/wp-json\/wp\/v2\/types\/post"}],"author":[{"embeddable":true,"href":"https:\/\/wp.ufpel.edu.br\/clc\/wp-json\/wp\/v2\/users\/50"}],"replies":[{"embeddable":true,"href":"https:\/\/wp.ufpel.edu.br\/clc\/wp-json\/wp\/v2\/comments?post=8253"}],"version-history":[{"count":2,"href":"https:\/\/wp.ufpel.edu.br\/clc\/wp-json\/wp\/v2\/posts\/8253\/revisions"}],"predecessor-version":[{"id":8298,"href":"https:\/\/wp.ufpel.edu.br\/clc\/wp-json\/wp\/v2\/posts\/8253\/revisions\/8298"}],"wp:attachment":[{"href":"https:\/\/wp.ufpel.edu.br\/clc\/wp-json\/wp\/v2\/media?parent=8253"}],"wp:term":[{"taxonomy":"category","embeddable":true,"href":"https:\/\/wp.ufpel.edu.br\/clc\/wp-json\/wp\/v2\/categories?post=8253"},{"taxonomy":"post_tag","embeddable":true,"href":"https:\/\/wp.ufpel.edu.br\/clc\/wp-json\/wp\/v2\/tags?post=8253"}],"curies":[{"name":"wp","href":"https:\/\/api.w.org\/{rel}","templated":true}]}}