{"id":8219,"date":"2018-10-18T17:53:37","date_gmt":"2018-10-18T20:53:37","guid":{"rendered":"https:\/\/wp.ufpel.edu.br\/clc\/?p=8219"},"modified":"2018-10-18T18:04:12","modified_gmt":"2018-10-18T21:04:12","slug":"projeto-cursos-de-linguas-se-apresenta-na-4a-siiepe","status":"publish","type":"post","link":"https:\/\/wp.ufpel.edu.br\/clc\/2018\/10\/18\/projeto-cursos-de-linguas-se-apresenta-na-4a-siiepe\/","title":{"rendered":"Projeto Cursos de L\u00ednguas se apresenta na 4\u00aa SIIEPE"},"content":{"rendered":"<p style=\"text-align: justify\">O projeto Cursos de L\u00ednguas convida a comunidade para assistir as apresenta\u00e7\u00f5es de seus acad\u00eamicos-ministrantes no V Congresso de Extens\u00e3o e Cultura, parte da Semana Integrada de Inova\u00e7\u00e3o, Ensino, Pesquisa e Extens\u00e3o. Confira a programa\u00e7\u00e3o no pdf:\u00a0<a href=\"https:\/\/wp.ufpel.edu.br\/clc\/files\/2018\/10\/Apresenta\u00e7\u00f5es-CEC-2018.pdf\">Apresenta\u00e7\u00f5es CEC 2018<\/a><\/p>\n<p style=\"text-align: justify\">As apresenta\u00e7\u00f5es s\u00e3o resultado de reflex\u00f5es sobre o trabalho desenvolvido em sala de aula, com a orienta\u00e7\u00f5es de professores(as) e orientadores(as) do quadro do Centro de Letras e Comunica\u00e7\u00e3o.<\/p>\n<p><a href=\"https:\/\/wp.ufpel.edu.br\/clc\/files\/2018\/10\/Slide1.jpg\"><img loading=\"lazy\" decoding=\"async\" class=\"aligncenter wp-image-8228 size-full\" src=\"https:\/\/wp.ufpel.edu.br\/clc\/files\/2018\/10\/Slide1.jpg\" alt=\"\" width=\"1280\" height=\"720\" srcset=\"https:\/\/wp.ufpel.edu.br\/clc\/files\/2018\/10\/Slide1.jpg 1280w, https:\/\/wp.ufpel.edu.br\/clc\/files\/2018\/10\/Slide1-212x119.jpg 212w, https:\/\/wp.ufpel.edu.br\/clc\/files\/2018\/10\/Slide1-424x239.jpg 424w, https:\/\/wp.ufpel.edu.br\/clc\/files\/2018\/10\/Slide1-768x432.jpg 768w\" sizes=\"auto, (max-width: 1280px) 100vw, 1280px\" \/><\/a><\/p>\n<p>&nbsp;<\/p>\n","protected":false},"excerpt":{"rendered":"<p>O projeto Cursos de L\u00ednguas convida a comunidade para assistir as apresenta\u00e7\u00f5es de seus acad\u00eamicos-ministrantes no V Congresso de Extens\u00e3o e Cultura, parte da Semana Integrada de Inova\u00e7\u00e3o, Ensino, Pesquisa e Extens\u00e3o. Confira a programa\u00e7\u00e3o no pdf:\u00a0Apresenta\u00e7\u00f5es CEC 2018 As &hellip; <a href=\"https:\/\/wp.ufpel.edu.br\/clc\/2018\/10\/18\/projeto-cursos-de-linguas-se-apresenta-na-4a-siiepe\/\">Continue lendo <span class=\"meta-nav\">&rarr;<\/span><\/a><\/p>\n","protected":false},"author":50,"featured_media":0,"comment_status":"closed","ping_status":"closed","sticky":false,"template":"","format":"standard","meta":{"footnotes":""},"categories":[1],"tags":[],"class_list":["post-8219","post","type-post","status-publish","format-standard","hentry","category-notcias"],"jetpack_featured_media_url":"","_links":{"self":[{"href":"https:\/\/wp.ufpel.edu.br\/clc\/wp-json\/wp\/v2\/posts\/8219","targetHints":{"allow":["GET"]}}],"collection":[{"href":"https:\/\/wp.ufpel.edu.br\/clc\/wp-json\/wp\/v2\/posts"}],"about":[{"href":"https:\/\/wp.ufpel.edu.br\/clc\/wp-json\/wp\/v2\/types\/post"}],"author":[{"embeddable":true,"href":"https:\/\/wp.ufpel.edu.br\/clc\/wp-json\/wp\/v2\/users\/50"}],"replies":[{"embeddable":true,"href":"https:\/\/wp.ufpel.edu.br\/clc\/wp-json\/wp\/v2\/comments?post=8219"}],"version-history":[{"count":7,"href":"https:\/\/wp.ufpel.edu.br\/clc\/wp-json\/wp\/v2\/posts\/8219\/revisions"}],"predecessor-version":[{"id":8231,"href":"https:\/\/wp.ufpel.edu.br\/clc\/wp-json\/wp\/v2\/posts\/8219\/revisions\/8231"}],"wp:attachment":[{"href":"https:\/\/wp.ufpel.edu.br\/clc\/wp-json\/wp\/v2\/media?parent=8219"}],"wp:term":[{"taxonomy":"category","embeddable":true,"href":"https:\/\/wp.ufpel.edu.br\/clc\/wp-json\/wp\/v2\/categories?post=8219"},{"taxonomy":"post_tag","embeddable":true,"href":"https:\/\/wp.ufpel.edu.br\/clc\/wp-json\/wp\/v2\/tags?post=8219"}],"curies":[{"name":"wp","href":"https:\/\/api.w.org\/{rel}","templated":true}]}}