{"id":8204,"date":"2018-10-17T15:04:03","date_gmt":"2018-10-17T18:04:03","guid":{"rendered":"https:\/\/wp.ufpel.edu.br\/clc\/?p=8204"},"modified":"2018-10-17T15:05:51","modified_gmt":"2018-10-17T18:05:51","slug":"8204","status":"publish","type":"post","link":"https:\/\/wp.ufpel.edu.br\/clc\/2018\/10\/17\/8204\/","title":{"rendered":"CLC recebe a Gest\u00e3o Central da UFPel"},"content":{"rendered":"<p style=\"text-align: justify\">Na manh\u00e3 desta quarta-feira, 17, a comunidade do Centro de Letras e Comunica\u00e7\u00e3o (CLC) recebeu a Gest\u00e3o Central da UFPel para tratar do Plano de Desenvolvimento do CLC. Na conversa, a Dire\u00e7\u00e3o fez um breve panorama do hist\u00f3rico e da estrutura\u00e7\u00e3o do Centro,\u00a0mostrando os projetos e a contribui\u00e7\u00e3o do CLC para a UFPel e a comunidade.<\/p>\n<p style=\"text-align: justify\">A Diretora do CLC, Vanessa Damasceno, destacou as proje\u00e7\u00f5es de melhorias no Centro, com rela\u00e7\u00e3o a espa\u00e7o f\u00edsico, pol\u00edtica de perman\u00eancia dos estudantes e acessibilidade, al\u00e9m de mais vagas para docentes. O reitor da UFPel, Pedro Hallal, se mostrou aberto ao di\u00e1logo e parceiro para colaborar nesta constru\u00e7\u00e3o.<\/p>\n<p><a href=\"https:\/\/wp.ufpel.edu.br\/clc\/files\/2018\/10\/gestao.jpg\"><img loading=\"lazy\" decoding=\"async\" class=\"size-full wp-image-8209 aligncenter\" src=\"https:\/\/wp.ufpel.edu.br\/clc\/files\/2018\/10\/gestao.jpg\" alt=\"\" width=\"1184\" height=\"720\" srcset=\"https:\/\/wp.ufpel.edu.br\/clc\/files\/2018\/10\/gestao.jpg 1184w, https:\/\/wp.ufpel.edu.br\/clc\/files\/2018\/10\/gestao-212x129.jpg 212w, https:\/\/wp.ufpel.edu.br\/clc\/files\/2018\/10\/gestao-424x258.jpg 424w, https:\/\/wp.ufpel.edu.br\/clc\/files\/2018\/10\/gestao-768x467.jpg 768w\" sizes=\"auto, (max-width: 1184px) 100vw, 1184px\" \/><\/a><\/p>\n<div id='gallery-1' class='gallery galleryid-8204 gallery-columns-2 gallery-size-medium'><dl class='gallery-item'>\n\t\t\t<dt class='gallery-icon landscape'>\n\t\t\t\t<a href='https:\/\/wp.ufpel.edu.br\/clc\/files\/2018\/10\/gestao-2.jpg'><img loading=\"lazy\" decoding=\"async\" width=\"424\" height=\"258\" src=\"https:\/\/wp.ufpel.edu.br\/clc\/files\/2018\/10\/gestao-2-424x258.jpg\" class=\"attachment-medium size-medium\" alt=\"\" srcset=\"https:\/\/wp.ufpel.edu.br\/clc\/files\/2018\/10\/gestao-2-424x258.jpg 424w, https:\/\/wp.ufpel.edu.br\/clc\/files\/2018\/10\/gestao-2-212x129.jpg 212w, https:\/\/wp.ufpel.edu.br\/clc\/files\/2018\/10\/gestao-2-768x467.jpg 768w, https:\/\/wp.ufpel.edu.br\/clc\/files\/2018\/10\/gestao-2.jpg 1184w\" sizes=\"auto, (max-width: 424px) 100vw, 424px\" \/><\/a>\n\t\t\t<\/dt><\/dl><dl class='gallery-item'>\n\t\t\t<dt class='gallery-icon portrait'>\n\t\t\t\t<a href='https:\/\/wp.ufpel.edu.br\/clc\/files\/2018\/10\/gestao-3.jpg'><img loading=\"lazy\" decoding=\"async\" width=\"193\" height=\"318\" src=\"https:\/\/wp.ufpel.edu.br\/clc\/files\/2018\/10\/gestao-3-193x318.jpg\" class=\"attachment-medium size-medium\" alt=\"\" srcset=\"https:\/\/wp.ufpel.edu.br\/clc\/files\/2018\/10\/gestao-3-193x318.jpg 193w, https:\/\/wp.ufpel.edu.br\/clc\/files\/2018\/10\/gestao-3-97x159.jpg 97w, https:\/\/wp.ufpel.edu.br\/clc\/files\/2018\/10\/gestao-3.jpg 583w\" sizes=\"auto, (max-width: 193px) 100vw, 193px\" \/><\/a>\n\t\t\t<\/dt><\/dl><br style=\"clear: both\" \/><dl class='gallery-item'>\n\t\t\t<dt class='gallery-icon landscape'>\n\t\t\t\t<a href='https:\/\/wp.ufpel.edu.br\/clc\/files\/2018\/10\/gestao-4.jpg'><img loading=\"lazy\" decoding=\"async\" width=\"424\" height=\"141\" src=\"https:\/\/wp.ufpel.edu.br\/clc\/files\/2018\/10\/gestao-4-424x141.jpg\" class=\"attachment-medium size-medium\" alt=\"\" srcset=\"https:\/\/wp.ufpel.edu.br\/clc\/files\/2018\/10\/gestao-4-424x141.jpg 424w, https:\/\/wp.ufpel.edu.br\/clc\/files\/2018\/10\/gestao-4-212x70.jpg 212w, https:\/\/wp.ufpel.edu.br\/clc\/files\/2018\/10\/gestao-4-768x255.jpg 768w, https:\/\/wp.ufpel.edu.br\/clc\/files\/2018\/10\/gestao-4.jpg 1180w\" sizes=\"auto, (max-width: 424px) 100vw, 424px\" \/><\/a>\n\t\t\t<\/dt><\/dl>\n\t\t\t<br style='clear: both' \/>\n\t\t<\/div>\n\n","protected":false},"excerpt":{"rendered":"<p>Na manh\u00e3 desta quarta-feira, 17, a comunidade do Centro de Letras e Comunica\u00e7\u00e3o (CLC) recebeu a Gest\u00e3o Central da UFPel para tratar do Plano de Desenvolvimento do CLC. Na conversa, a Dire\u00e7\u00e3o fez um breve panorama do hist\u00f3rico e da &hellip; <a href=\"https:\/\/wp.ufpel.edu.br\/clc\/2018\/10\/17\/8204\/\">Continue lendo <span class=\"meta-nav\">&rarr;<\/span><\/a><\/p>\n","protected":false},"author":50,"featured_media":0,"comment_status":"closed","ping_status":"closed","sticky":false,"template":"","format":"standard","meta":{"footnotes":""},"categories":[33387,33395],"tags":[],"class_list":["post-8204","post","type-post","status-publish","format-standard","hentry","category-direcao","category-reunioes"],"jetpack_featured_media_url":"","_links":{"self":[{"href":"https:\/\/wp.ufpel.edu.br\/clc\/wp-json\/wp\/v2\/posts\/8204","targetHints":{"allow":["GET"]}}],"collection":[{"href":"https:\/\/wp.ufpel.edu.br\/clc\/wp-json\/wp\/v2\/posts"}],"about":[{"href":"https:\/\/wp.ufpel.edu.br\/clc\/wp-json\/wp\/v2\/types\/post"}],"author":[{"embeddable":true,"href":"https:\/\/wp.ufpel.edu.br\/clc\/wp-json\/wp\/v2\/users\/50"}],"replies":[{"embeddable":true,"href":"https:\/\/wp.ufpel.edu.br\/clc\/wp-json\/wp\/v2\/comments?post=8204"}],"version-history":[{"count":3,"href":"https:\/\/wp.ufpel.edu.br\/clc\/wp-json\/wp\/v2\/posts\/8204\/revisions"}],"predecessor-version":[{"id":8217,"href":"https:\/\/wp.ufpel.edu.br\/clc\/wp-json\/wp\/v2\/posts\/8204\/revisions\/8217"}],"wp:attachment":[{"href":"https:\/\/wp.ufpel.edu.br\/clc\/wp-json\/wp\/v2\/media?parent=8204"}],"wp:term":[{"taxonomy":"category","embeddable":true,"href":"https:\/\/wp.ufpel.edu.br\/clc\/wp-json\/wp\/v2\/categories?post=8204"},{"taxonomy":"post_tag","embeddable":true,"href":"https:\/\/wp.ufpel.edu.br\/clc\/wp-json\/wp\/v2\/tags?post=8204"}],"curies":[{"name":"wp","href":"https:\/\/api.w.org\/{rel}","templated":true}]}}