{"id":7745,"date":"2018-09-04T14:45:34","date_gmt":"2018-09-04T17:45:34","guid":{"rendered":"https:\/\/wp.ufpel.edu.br\/clc\/?p=7745"},"modified":"2018-09-06T14:26:17","modified_gmt":"2018-09-06T17:26:17","slug":"nucleo-de-traducao-do-clc-seleciona-bolsista-para-substituicao","status":"publish","type":"post","link":"https:\/\/wp.ufpel.edu.br\/clc\/2018\/09\/04\/nucleo-de-traducao-do-clc-seleciona-bolsista-para-substituicao\/","title":{"rendered":"N\u00facleo de Tradu\u00e7\u00e3o do CLC seleciona bolsista para substitui\u00e7\u00e3o"},"content":{"rendered":"<p style=\"text-align: justify\">A coordena\u00e7\u00e3o do projeto de extens\u00e3o \u201cNUTRA (N\u00daCLEO DE TRADU\u00c7\u00c3O) do CLC\u201d lan\u00e7ou edital para preenchimento de uma vaga, para substitui\u00e7\u00e3o de bolsista.<\/p>\n<p style=\"text-align: justify\">Confira:\u00a0<a href=\"https:\/\/wp.ufpel.edu.br\/clc\/files\/2018\/09\/Edital-para-sele\u00e7\u00e3o-de-bolsistas-NUTRA-CLC-SETEMBRO-2018.docx\">Edital-para-sele\u00e7\u00e3o-de-bolsistas NUTRA -CLC &#8211; SETEMBRO 2018<\/a><\/p>\n<p style=\"text-align: justify\"><a href=\"https:\/\/wp.ufpel.edu.br\/clc\/files\/2018\/09\/Formul\u00e1rio-de-Candidato-a-Bolsista-1.docx\">Formul\u00e1rio-de-Candidato-a-Bolsista (1)<\/a><\/p>\n","protected":false},"excerpt":{"rendered":"<p>A coordena\u00e7\u00e3o do projeto de extens\u00e3o \u201cNUTRA (N\u00daCLEO DE TRADU\u00c7\u00c3O) do CLC\u201d lan\u00e7ou edital para preenchimento de uma vaga, para substitui\u00e7\u00e3o de bolsista. Confira:\u00a0Edital-para-sele\u00e7\u00e3o-de-bolsistas NUTRA -CLC &#8211; SETEMBRO 2018 Formul\u00e1rio-de-Candidato-a-Bolsista (1)<\/p>\n","protected":false},"author":50,"featured_media":0,"comment_status":"closed","ping_status":"closed","sticky":false,"template":"","format":"standard","meta":{"footnotes":""},"categories":[33385],"tags":[],"class_list":["post-7745","post","type-post","status-publish","format-standard","hentry","category-editais-e-resultados"],"jetpack_featured_media_url":"","_links":{"self":[{"href":"https:\/\/wp.ufpel.edu.br\/clc\/wp-json\/wp\/v2\/posts\/7745","targetHints":{"allow":["GET"]}}],"collection":[{"href":"https:\/\/wp.ufpel.edu.br\/clc\/wp-json\/wp\/v2\/posts"}],"about":[{"href":"https:\/\/wp.ufpel.edu.br\/clc\/wp-json\/wp\/v2\/types\/post"}],"author":[{"embeddable":true,"href":"https:\/\/wp.ufpel.edu.br\/clc\/wp-json\/wp\/v2\/users\/50"}],"replies":[{"embeddable":true,"href":"https:\/\/wp.ufpel.edu.br\/clc\/wp-json\/wp\/v2\/comments?post=7745"}],"version-history":[{"count":2,"href":"https:\/\/wp.ufpel.edu.br\/clc\/wp-json\/wp\/v2\/posts\/7745\/revisions"}],"predecessor-version":[{"id":7751,"href":"https:\/\/wp.ufpel.edu.br\/clc\/wp-json\/wp\/v2\/posts\/7745\/revisions\/7751"}],"wp:attachment":[{"href":"https:\/\/wp.ufpel.edu.br\/clc\/wp-json\/wp\/v2\/media?parent=7745"}],"wp:term":[{"taxonomy":"category","embeddable":true,"href":"https:\/\/wp.ufpel.edu.br\/clc\/wp-json\/wp\/v2\/categories?post=7745"},{"taxonomy":"post_tag","embeddable":true,"href":"https:\/\/wp.ufpel.edu.br\/clc\/wp-json\/wp\/v2\/tags?post=7745"}],"curies":[{"name":"wp","href":"https:\/\/api.w.org\/{rel}","templated":true}]}}