{"id":7552,"date":"2018-08-13T15:31:39","date_gmt":"2018-08-13T18:31:39","guid":{"rendered":"https:\/\/wp.ufpel.edu.br\/clc\/?p=7552"},"modified":"2018-08-13T15:58:27","modified_gmt":"2018-08-13T18:58:27","slug":"lingua-e-poder-e-a-tematica-da-34a-semana-academica-de-letras","status":"publish","type":"post","link":"https:\/\/wp.ufpel.edu.br\/clc\/2018\/08\/13\/lingua-e-poder-e-a-tematica-da-34a-semana-academica-de-letras\/","title":{"rendered":"L\u00edngua e poder \u00e9 a tem\u00e1tica da 34\u00aa Semana Acad\u00eamica de Letras"},"content":{"rendered":"<p style=\"text-align: justify\"><a href=\"https:\/\/wp.ufpel.edu.br\/clc\/files\/2018\/08\/37619165_2212469632101927_9113514766357233664_o.jpg\"><img loading=\"lazy\" decoding=\"async\" class=\" wp-image-7555 alignright\" src=\"https:\/\/wp.ufpel.edu.br\/clc\/files\/2018\/08\/37619165_2212469632101927_9113514766357233664_o.jpg\" alt=\"\" width=\"242\" height=\"342\" srcset=\"https:\/\/wp.ufpel.edu.br\/clc\/files\/2018\/08\/37619165_2212469632101927_9113514766357233664_o.jpg 1448w, https:\/\/wp.ufpel.edu.br\/clc\/files\/2018\/08\/37619165_2212469632101927_9113514766357233664_o-112x159.jpg 112w, https:\/\/wp.ufpel.edu.br\/clc\/files\/2018\/08\/37619165_2212469632101927_9113514766357233664_o-225x318.jpg 225w, https:\/\/wp.ufpel.edu.br\/clc\/files\/2018\/08\/37619165_2212469632101927_9113514766357233664_o-768x1086.jpg 768w\" sizes=\"auto, (max-width: 242px) 100vw, 242px\" \/><\/a>A 34\u00aa Semana Acad\u00eamica dos cursos de Letras ter\u00e1 como tema central <strong>L\u00edngua e poder: rela\u00e7\u00f5es, perspectivas e cen\u00e1rios<\/strong>, abarcando todas \u00e1reas que de alguma forma pertencem a esse universo. O evento ocorrer\u00e1 de 1\u00ba a 5 de outubro de 2018.<\/p>\n<p style=\"text-align: justify\">Inscri\u00e7\u00f5es para ouvintes acontecer\u00e3o de 20 de agosto a 6 de setembro. Mais informa\u00e7\u00f5es podem ser obtidas pelo site:\u00a0<a href=\"https:\/\/salufpel.wordpress.com\/\" target=\"_blank\" rel=\"nofollow noopener\">https:\/\/salufpel.wordpress.com\/<\/a><\/p>\n<p>O Diret\u00f3rio Acad\u00eamico &#8211; Devir est\u00e1 \u00e0 disposi\u00e7\u00e3o nas redes sociais:<br \/>\nFacebook:\u00a0<a href=\"https:\/\/www.facebook.com\/DevirUFPel\/\" target=\"_blank\" rel=\"noopener\">https:\/\/www.facebook.com\/DevirUFPel\/<\/a><br \/>\nInstagram: @daeb.ufpel<br \/>\nOu atrav\u00e9s e-mail do evento: <a href=\"mailto:salufpel@gmail.com\"><em>salufpel@<span class=\"skimlinks-unlinked\">gmail.com<\/span><\/em><\/a><\/p>\n<p>Tamb\u00e9m est\u00e3o na sala do DAEB em hor\u00e1rios dispon\u00edveis nesta planilha:\u00a0<a href=\"https:\/\/goo.gl\/5pBkYe\">https:\/\/goo.gl\/5pBkYe<\/a><\/p>\n<p style=\"text-align: justify\"><strong>Certifica\u00e7\u00e3o da Semana Acad\u00eamica 2017<\/strong><\/p>\n<p><!--more--><\/p>\n<p style=\"text-align: justify\">Para ouvintes, os atestados est\u00e3o no Cobalto (Projetos de Ensino &gt; Atestados). Em breve dever\u00e3o sair os certificados, ali mesmo no Cobalto (Projetos de Ensino &gt; Certificados).<\/p>\n<p style=\"text-align: justify\">Quem participou como ouvinte e outra modalidade, como monitor, comunicador ou oficineiro, ter\u00e1 de esperar mais. A organiza\u00e7\u00e3o tentou emitir os certificados, mas o Cobalto s\u00f3 permite que uma matr\u00edcula seja vinculada a um \u00fanico \u201cpack\u201d (pack dos ouvintes, pack dos comunicadores, pack dos monitores) e est\u00e1 em constante contato com o respons\u00e1vel pelo sistema e com a Pr\u00f3-Reitoria de Ensino.<\/p>\n<p style=\"text-align: justify\">Aqueles que precisarem de <strong>atestados emergenciais<\/strong>\u00a0podem pedir atrav\u00e9s do novo email\u00a0<a href=\"mailto:salufpel@gmail.com\"><em>salufpel@<span class=\"skimlinks-unlinked\">gmail.com<\/span><\/em><\/a>. O email utilizado na 33\u00aa Semana Acad\u00eamica ser\u00e1 desativado.<\/p>\n<p style=\"text-align: justify\">Os anais est\u00e3o sendo preparados pela Editora da UFPel e nos pr\u00f3ximos meses o ISBN ser\u00e1 informado para os autores envolvidos. Todos os resumos aprovados e trabalhos completos submetidos constam no material, bem como a programa\u00e7\u00e3o do evento e as oficinas ministradas.<\/p>\n","protected":false},"excerpt":{"rendered":"<p>A 34\u00aa Semana Acad\u00eamica dos cursos de Letras ter\u00e1 como tema central L\u00edngua e poder: rela\u00e7\u00f5es, perspectivas e cen\u00e1rios, abarcando todas \u00e1reas que de alguma forma pertencem a esse universo. O evento ocorrer\u00e1 de 1\u00ba a 5 de outubro de &hellip; <a href=\"https:\/\/wp.ufpel.edu.br\/clc\/2018\/08\/13\/lingua-e-poder-e-a-tematica-da-34a-semana-academica-de-letras\/\">Continue lendo <span class=\"meta-nav\">&rarr;<\/span><\/a><\/p>\n","protected":false},"author":50,"featured_media":0,"comment_status":"closed","ping_status":"closed","sticky":false,"template":"","format":"standard","meta":{"footnotes":""},"categories":[33391,33386],"tags":[],"class_list":["post-7552","post","type-post","status-publish","format-standard","hentry","category-alunos","category-eventos"],"jetpack_featured_media_url":"","_links":{"self":[{"href":"https:\/\/wp.ufpel.edu.br\/clc\/wp-json\/wp\/v2\/posts\/7552","targetHints":{"allow":["GET"]}}],"collection":[{"href":"https:\/\/wp.ufpel.edu.br\/clc\/wp-json\/wp\/v2\/posts"}],"about":[{"href":"https:\/\/wp.ufpel.edu.br\/clc\/wp-json\/wp\/v2\/types\/post"}],"author":[{"embeddable":true,"href":"https:\/\/wp.ufpel.edu.br\/clc\/wp-json\/wp\/v2\/users\/50"}],"replies":[{"embeddable":true,"href":"https:\/\/wp.ufpel.edu.br\/clc\/wp-json\/wp\/v2\/comments?post=7552"}],"version-history":[{"count":4,"href":"https:\/\/wp.ufpel.edu.br\/clc\/wp-json\/wp\/v2\/posts\/7552\/revisions"}],"predecessor-version":[{"id":7560,"href":"https:\/\/wp.ufpel.edu.br\/clc\/wp-json\/wp\/v2\/posts\/7552\/revisions\/7560"}],"wp:attachment":[{"href":"https:\/\/wp.ufpel.edu.br\/clc\/wp-json\/wp\/v2\/media?parent=7552"}],"wp:term":[{"taxonomy":"category","embeddable":true,"href":"https:\/\/wp.ufpel.edu.br\/clc\/wp-json\/wp\/v2\/categories?post=7552"},{"taxonomy":"post_tag","embeddable":true,"href":"https:\/\/wp.ufpel.edu.br\/clc\/wp-json\/wp\/v2\/tags?post=7552"}],"curies":[{"name":"wp","href":"https:\/\/api.w.org\/{rel}","templated":true}]}}