{"id":7549,"date":"2018-08-13T15:42:29","date_gmt":"2018-08-13T18:42:29","guid":{"rendered":"https:\/\/wp.ufpel.edu.br\/clc\/?p=7549"},"modified":"2018-11-08T17:51:11","modified_gmt":"2018-11-08T19:51:11","slug":"cronograma-de-eventos-2018-2","status":"publish","type":"post","link":"https:\/\/wp.ufpel.edu.br\/clc\/2018\/08\/13\/cronograma-de-eventos-2018-2\/","title":{"rendered":"Cronograma de Eventos 2018\/2"},"content":{"rendered":"<p>Confira abaixo o cronograma de eventos que ocorrer\u00e3o no segundo semestre de 2018, no CLC e na UFPel.<\/p>\n<p style=\"font-weight: 400;text-align: justify\"><a href=\"https:\/\/wp.ufpel.edu.br\/clc\/files\/2018\/08\/Cronograma-de-Eventos-Centro-de-Letras-e-Comunic\u00e7\u00e3o-1.png\"><img loading=\"lazy\" decoding=\"async\" class=\"alignnone size-full wp-image-7564\" src=\"https:\/\/wp.ufpel.edu.br\/clc\/files\/2018\/08\/Cronograma-de-Eventos-Centro-de-Letras-e-Comunic\u00e7\u00e3o-1.png\" alt=\"\" width=\"1280\" height=\"720\" srcset=\"https:\/\/wp.ufpel.edu.br\/clc\/files\/2018\/08\/Cronograma-de-Eventos-Centro-de-Letras-e-Comunic\u00e7\u00e3o-1.png 1280w, https:\/\/wp.ufpel.edu.br\/clc\/files\/2018\/08\/Cronograma-de-Eventos-Centro-de-Letras-e-Comunic\u00e7\u00e3o-1-212x119.png 212w, https:\/\/wp.ufpel.edu.br\/clc\/files\/2018\/08\/Cronograma-de-Eventos-Centro-de-Letras-e-Comunic\u00e7\u00e3o-1-424x239.png 424w, https:\/\/wp.ufpel.edu.br\/clc\/files\/2018\/08\/Cronograma-de-Eventos-Centro-de-Letras-e-Comunic\u00e7\u00e3o-1-768x432.png 768w\" sizes=\"auto, (max-width: 1280px) 100vw, 1280px\" \/><\/a><\/p>\n<p style=\"font-weight: 400;text-align: justify\"><strong>Eventos do CLC:<\/strong><\/p>\n<ul style=\"text-align: justify\">\n<li style=\"font-weight: 400\"><a href=\"https:\/\/wp.ufpel.edu.br\/clc\/2018\/08\/06\/integra-clc-promove-integracao-da-comunidade-academica\/\" target=\"_blank\" rel=\"noopener\">Integra CLC<\/a> \u2013 de 23 a 25 de agosto;<\/li>\n<li style=\"font-weight: 400\"><a href=\"https:\/\/wp.me\/p8BNZR-1XO\" target=\"_blank\" rel=\"noopener\">Semana Acad\u00eamica dos Cursos de Letras<\/a> \u2013 1\u00ba a 5 de outubro;<\/li>\n<li>Semana Acad\u00eamica do Curso de Jornalismo \u2013 sem data at\u00e9 o momento.<\/li>\n<\/ul>\n<p style=\"font-weight: 400;text-align: justify\"><strong>Na UFPel:<\/strong><\/p>\n<ul style=\"text-align: justify\">\n<li style=\"font-weight: 400\"><a href=\"https:\/\/wp.ufpel.edu.br\/siiepe\/\" target=\"_blank\" rel=\"noopener\">Semana Integrada de Inova\u00e7\u00e3o, Ensino, Pesquisa e Extens\u00e3o da UFPEL<\/a> &#8211; 22 a 26 de outubro.<\/li>\n<\/ul>\n<p style=\"font-weight: 400;text-align: justify\"><strong>Outros eventos<\/strong><!--more--><\/p>\n<ul>\n<li style=\"text-align: justify\">&#8220;<span style=\"font-size: 12pt;font-family: georgia, palatino, serif\">Di\u00e1logos sobre Revis\u00e3o de Textos&#8221;: palestras e oficinas, nos dias 11 e 12 de setembro, no Campus Anglo (sala a definir), das 17h \u00e0s 21h30;<\/span><\/li>\n<li><span style=\"font-size: 12pt;font-family: georgia, palatino, serif\"><a href=\"https:\/\/wp.me\/p8BNZR-1W8\" target=\"_blank\" rel=\"noopener\">Qualidade na vida acad\u00eamica<\/a> &#8211;\u00a030\/08 (QUINTA), 26\/09 (QUARTA), 30\/10 (TER\u00c7A), 26\/11 (SEGUNDA), \u00e9 promovido pelo grupo de estudos Linguagem, Cogni\u00e7\u00e3o e Emo\u00e7\u00f5es;<\/span><\/li>\n<li style=\"font-weight: 400;text-align: justify\"><span style=\"font-size: 12pt;font-family: georgia, palatino, serif\"><a href=\"https:\/\/wp.ufpel.edu.br\/jel\/\" target=\"_blank\" rel=\"noopener\">Jornada de Estudos da Linguagem<\/a> \u2013 organizada pelos estudantes do PPGL &#8211; de 10 a 14 de setembro;<\/span><\/li>\n<li><a href=\"https:\/\/wp.me\/p8BNZR-21i\" target=\"_blank\" rel=\"noopener\">Setembro Amarelo<\/a> &#8211; de 17 a 19 de setembro;<\/li>\n<li>\n<p class=\"entry-title\"><span style=\"font-size: 12pt;font-family: georgia, palatino, serif\"><a href=\"https:\/\/wp.ufpel.edu.br\/clc\/2018\/09\/05\/i-encontro-de-estudos-surdos-da-ufpel-ocorre-de-13-a-15-de-setembro\/\" rel=\"bookmark\">I Encontro de Estudos Surdos da UFPEL\u00a0<\/a>: dias 13, 14 e 15 de setembro;<\/span><\/p>\n<\/li>\n<li>\n<p class=\"entry-title\"><span style=\"font-size: 12pt;font-family: georgia, palatino, serif\">Evento organizado pela \u00e1rea de Tradu\u00e7\u00e3o do CLC \u2013 de 16 a 18 de outubro;<\/span><\/p>\n<\/li>\n<li>\n<h1 id=\"seo_h1_tag\"><span style=\"font-size: 12pt\"><a href=\"https:\/\/wp.me\/p8BNZR-29V\" target=\"_blank\" rel=\"noopener\">Ciclo de Palestras Jornalismo e Direitos Humanos:<\/a> em novembro, dias 13, 16 e 26.<\/span><\/h1>\n<\/li>\n<li style=\"font-weight: 400;text-align: justify\"><span style=\"font-size: 12pt;font-family: georgia, palatino, serif\">Simp\u00f3sio de estudos Celtas e Germanos \u2013 organizado pela \u00e1rea de alem\u00e3o &#8211; de 26 a 28 de novembro;\n<p><\/span><\/li>\n<li style=\"text-align: justify\"><span style=\"font-size: 12pt;font-family: georgia, palatino, serif\"><a href=\"https:\/\/wp.ufpel.edu.br\/clc\/2018\/11\/01\/conversas-na-biblioteca-negra-discutem-racismo-e-literatura\/\" target=\"_blank\" rel=\"noopener\">XVIII\u00a0Ciclo de Conversas na Biblioteca Negra,<\/a> com o tema &#8220;Racismo e Literatura&#8221;. Em novembro: dias 10, 17, 24. Organizado pela \u00e1rea de Espanhol, Grupo de Pesquisa &#8220;Imagin\u00e1rios Raciais&#8221;, Comiss\u00e3o de Combate contra o Racismo e Comiss\u00e3o de Cultura do Fica Ah\u00ed.<\/span><\/li>\n<\/ul>\n","protected":false},"excerpt":{"rendered":"<p>Confira abaixo o cronograma de eventos que ocorrer\u00e3o no segundo semestre de 2018, no CLC e na UFPel. Eventos do CLC: Integra CLC \u2013 de 23 a 25 de agosto; Semana Acad\u00eamica dos Cursos de Letras \u2013 1\u00ba a 5 &hellip; <a href=\"https:\/\/wp.ufpel.edu.br\/clc\/2018\/08\/13\/cronograma-de-eventos-2018-2\/\">Continue lendo <span class=\"meta-nav\">&rarr;<\/span><\/a><\/p>\n","protected":false},"author":50,"featured_media":0,"comment_status":"closed","ping_status":"closed","sticky":false,"template":"","format":"standard","meta":{"footnotes":""},"categories":[33386,1],"tags":[],"class_list":["post-7549","post","type-post","status-publish","format-standard","hentry","category-eventos","category-notcias"],"jetpack_featured_media_url":"","_links":{"self":[{"href":"https:\/\/wp.ufpel.edu.br\/clc\/wp-json\/wp\/v2\/posts\/7549","targetHints":{"allow":["GET"]}}],"collection":[{"href":"https:\/\/wp.ufpel.edu.br\/clc\/wp-json\/wp\/v2\/posts"}],"about":[{"href":"https:\/\/wp.ufpel.edu.br\/clc\/wp-json\/wp\/v2\/types\/post"}],"author":[{"embeddable":true,"href":"https:\/\/wp.ufpel.edu.br\/clc\/wp-json\/wp\/v2\/users\/50"}],"replies":[{"embeddable":true,"href":"https:\/\/wp.ufpel.edu.br\/clc\/wp-json\/wp\/v2\/comments?post=7549"}],"version-history":[{"count":10,"href":"https:\/\/wp.ufpel.edu.br\/clc\/wp-json\/wp\/v2\/posts\/7549\/revisions"}],"predecessor-version":[{"id":8309,"href":"https:\/\/wp.ufpel.edu.br\/clc\/wp-json\/wp\/v2\/posts\/7549\/revisions\/8309"}],"wp:attachment":[{"href":"https:\/\/wp.ufpel.edu.br\/clc\/wp-json\/wp\/v2\/media?parent=7549"}],"wp:term":[{"taxonomy":"category","embeddable":true,"href":"https:\/\/wp.ufpel.edu.br\/clc\/wp-json\/wp\/v2\/categories?post=7549"},{"taxonomy":"post_tag","embeddable":true,"href":"https:\/\/wp.ufpel.edu.br\/clc\/wp-json\/wp\/v2\/tags?post=7549"}],"curies":[{"name":"wp","href":"https:\/\/api.w.org\/{rel}","templated":true}]}}