{"id":7544,"date":"2018-08-09T17:01:03","date_gmt":"2018-08-09T20:01:03","guid":{"rendered":"https:\/\/wp.ufpel.edu.br\/clc\/?p=7544"},"modified":"2018-08-09T17:01:03","modified_gmt":"2018-08-09T20:01:03","slug":"resultado-da-selecao-para-bolsista-de-desenvolvimento-institucional","status":"publish","type":"post","link":"https:\/\/wp.ufpel.edu.br\/clc\/2018\/08\/09\/resultado-da-selecao-para-bolsista-de-desenvolvimento-institucional\/","title":{"rendered":"Resultado da sele\u00e7\u00e3o para bolsista de Desenvolvimento Institucional"},"content":{"rendered":"<p style=\"text-align: justify\">O Centro de Letras e Comunica\u00e7\u00e3o divulga o resultado da sele\u00e7\u00e3o para um bolsista no \u00e2mbito do Programa de Bolsas de Desenvolvimento nas Unidades Acad\u00eamicas (BDU) \u2013 Modalidade Desenvolvimento Institucional. O <a href=\"https:\/\/wp.ufpel.edu.br\/clc\/2018\/08\/03\/clc-seleciona-para-bolsa-de-desenvolvimento-institucional\/\" target=\"_blank\" rel=\"noopener\">edital<\/a> contemplou uma bolsa (vulnerabilidade econ\u00f4mica) para atua\u00e7\u00e3o no Centro como\u00a0<strong>Auxiliar de Gest\u00e3o<\/strong>.<\/p>\n<p style=\"text-align: justify\">Confira o resultado:\u00a0<a href=\"https:\/\/wp.ufpel.edu.br\/clc\/files\/2018\/08\/Bolsista-em-Auxiliar-de-Gest\u00e3o.pdf\">Bolsista em Auxiliar de Gest\u00e3o<\/a><\/p>\n","protected":false},"excerpt":{"rendered":"<p>O Centro de Letras e Comunica\u00e7\u00e3o divulga o resultado da sele\u00e7\u00e3o para um bolsista no \u00e2mbito do Programa de Bolsas de Desenvolvimento nas Unidades Acad\u00eamicas (BDU) \u2013 Modalidade Desenvolvimento Institucional. O edital contemplou uma bolsa (vulnerabilidade econ\u00f4mica) para atua\u00e7\u00e3o no &hellip; <a href=\"https:\/\/wp.ufpel.edu.br\/clc\/2018\/08\/09\/resultado-da-selecao-para-bolsista-de-desenvolvimento-institucional\/\">Continue lendo <span class=\"meta-nav\">&rarr;<\/span><\/a><\/p>\n","protected":false},"author":50,"featured_media":0,"comment_status":"closed","ping_status":"closed","sticky":false,"template":"","format":"standard","meta":{"footnotes":""},"categories":[33387,33385],"tags":[],"class_list":["post-7544","post","type-post","status-publish","format-standard","hentry","category-direcao","category-editais-e-resultados"],"jetpack_featured_media_url":"","_links":{"self":[{"href":"https:\/\/wp.ufpel.edu.br\/clc\/wp-json\/wp\/v2\/posts\/7544","targetHints":{"allow":["GET"]}}],"collection":[{"href":"https:\/\/wp.ufpel.edu.br\/clc\/wp-json\/wp\/v2\/posts"}],"about":[{"href":"https:\/\/wp.ufpel.edu.br\/clc\/wp-json\/wp\/v2\/types\/post"}],"author":[{"embeddable":true,"href":"https:\/\/wp.ufpel.edu.br\/clc\/wp-json\/wp\/v2\/users\/50"}],"replies":[{"embeddable":true,"href":"https:\/\/wp.ufpel.edu.br\/clc\/wp-json\/wp\/v2\/comments?post=7544"}],"version-history":[{"count":1,"href":"https:\/\/wp.ufpel.edu.br\/clc\/wp-json\/wp\/v2\/posts\/7544\/revisions"}],"predecessor-version":[{"id":7547,"href":"https:\/\/wp.ufpel.edu.br\/clc\/wp-json\/wp\/v2\/posts\/7544\/revisions\/7547"}],"wp:attachment":[{"href":"https:\/\/wp.ufpel.edu.br\/clc\/wp-json\/wp\/v2\/media?parent=7544"}],"wp:term":[{"taxonomy":"category","embeddable":true,"href":"https:\/\/wp.ufpel.edu.br\/clc\/wp-json\/wp\/v2\/categories?post=7544"},{"taxonomy":"post_tag","embeddable":true,"href":"https:\/\/wp.ufpel.edu.br\/clc\/wp-json\/wp\/v2\/tags?post=7544"}],"curies":[{"name":"wp","href":"https:\/\/api.w.org\/{rel}","templated":true}]}}