{"id":6757,"date":"2018-06-11T18:02:05","date_gmt":"2018-06-11T21:02:05","guid":{"rendered":"https:\/\/wp.ufpel.edu.br\/clc\/?p=6757"},"modified":"2018-06-11T18:02:05","modified_gmt":"2018-06-11T21:02:05","slug":"candidaturas-homologadas-as-eleicoes-de-representacao-discente","status":"publish","type":"post","link":"https:\/\/wp.ufpel.edu.br\/clc\/2018\/06\/11\/candidaturas-homologadas-as-eleicoes-de-representacao-discente\/","title":{"rendered":"Candidaturas homologadas \u00e0s elei\u00e7\u00f5es de Representa\u00e7\u00e3o Discente"},"content":{"rendered":"<p style=\"text-align: justify\"><span style=\"font-weight: 400\">As elei\u00e7\u00f5es para Representa\u00e7\u00e3o Discente dos cursos de Letras, <a href=\"https:\/\/wp.ufpel.edu.br\/clc\/2018\/05\/21\/reabertas-inscricoes-para-representantes-discentes-dos-cursos-de-letras\/\" target=\"_blank\" rel=\"noopener\">referentes a este edital<\/a>, foram homologadas.\u00a0As elei\u00e7\u00f5es ocorrer\u00e3o no sagu\u00e3o do Campus Anglo, na ter\u00e7a e quarta-feira (12 e 13 de junho), nos turnos da tarde e noite. Para votar \u00e9 necess\u00e1ria a apresenta\u00e7\u00e3o de documento com foto. <\/span><\/p>\n<p style=\"text-align: justify\"><span style=\"font-weight: 400\">Os candidatos s\u00e3o os seguintes:<\/span><\/p>\n<p style=\"text-align: justify\"><b>Letras &#8211; Portugu\u00eas &#8211; Licenciatura<\/b><\/p>\n<p style=\"text-align: justify\"><i><span style=\"font-weight: 400\">Chapa \u00fanica:<\/span><\/i><\/p>\n<ul style=\"text-align: justify\">\n<li style=\"font-weight: 400\"><span style=\"font-weight: 400\">Jardel Buck (representante)<\/span><\/li>\n<li style=\"font-weight: 400\"><span style=\"font-weight: 400\">Camila Martins Vellar (suplente)<\/span><\/li>\n<\/ul>\n<p style=\"text-align: justify\"><b>Letras &#8211; Portugu\u00eas e Franc\u00eas &#8211; Licenciatura<\/b><\/p>\n<p style=\"text-align: justify\"><i><span style=\"font-weight: 400\">Chapa \u00fanica:<\/span><\/i><\/p>\n<ul style=\"text-align: justify\">\n<li style=\"font-weight: 400\"><span style=\"font-weight: 400\">Cristian Borba da Silveira (representante)<\/span><\/li>\n<li style=\"font-weight: 400\"><span style=\"font-weight: 400\">Beatriz Hygino Diadamo (suplente)<\/span><\/li>\n<\/ul>\n<p style=\"text-align: justify\"><b>Letras &#8211; Portugu\u00eas e Ingl\u00eas &#8211; Licenciatura<\/b><\/p>\n<p style=\"text-align: justify\"><i><span style=\"font-weight: 400\">Chapa 1:<\/span><\/i><\/p>\n<ul style=\"text-align: justify\">\n<li style=\"font-weight: 400\"><span style=\"font-weight: 400\">Mar\u00edlia Lima Santos (representante)<\/span><\/li>\n<li style=\"font-weight: 400\"><span style=\"font-weight: 400\">Tiago Salvador Borges (suplente)<\/span><\/li>\n<\/ul>\n<p style=\"text-align: justify\"><i><span style=\"font-weight: 400\">Chapa 2:<\/span><\/i><\/p>\n<ul style=\"text-align: justify\">\n<li style=\"font-weight: 400\"><span style=\"font-weight: 400\">Giulian da Silva Pinto (representante)<\/span><\/li>\n<li style=\"font-weight: 400\"><span style=\"font-weight: 400\">Julia Soares Weingartner (suplente)<\/span><\/li>\n<\/ul>\n<p style=\"text-align: justify\"><b>Letras &#8211; Portugu\u00eas e Espanhol &#8211; Licenciatura<\/b><\/p>\n<p style=\"text-align: justify\"><i><span style=\"font-weight: 400\">Chapa \u00fanica:<\/span><\/i><\/p>\n<ul style=\"text-align: justify\">\n<li style=\"font-weight: 400\"><span style=\"font-weight: 400\">Thais de Lima Pietzsch (representante)<\/span><\/li>\n<li style=\"font-weight: 400\"><span style=\"font-weight: 400\">Roberta Silva Sohne (suplente)<\/span><\/li>\n<\/ul>\n<p style=\"text-align: justify\"><b>Letras Tradu\u00e7\u00e3o Espanhol\/Portugu\u00eas &#8211; Bacharelado<\/b><\/p>\n<p style=\"text-align: justify\"><i><span style=\"font-weight: 400\">Chapa \u00fanica:<\/span><\/i><\/p>\n<ul style=\"text-align: justify\">\n<li style=\"font-weight: 400\"><span style=\"font-weight: 400\">Sanmi Guimar\u00e3es de Souza (representante)<\/span><\/li>\n<li style=\"font-weight: 400\"><span style=\"font-weight: 400\">Victoria Lunardi Bauken (suplente)<\/span><\/li>\n<\/ul>\n<p style=\"text-align: justify\"><span style=\"font-weight: 400\">A participa\u00e7\u00e3o de todos \u00e9 de extrema import\u00e2ncia. Participe do processo e d\u00ea voz ao seu curso!<\/span><\/p>\n<p style=\"text-align: justify\"><span style=\"font-weight: 400\">Para mais informa\u00e7\u00f5es, consulte a p\u00e1gina do DAEB no Facebook: <a href=\"https:\/\/www.facebook.com\/DevirUFPel\/\">https:\/\/www.facebook.com\/DevirUFPel\/<\/a><\/span><\/p>\n","protected":false},"excerpt":{"rendered":"<p>As elei\u00e7\u00f5es para Representa\u00e7\u00e3o Discente dos cursos de Letras, referentes a este edital, foram homologadas.\u00a0As elei\u00e7\u00f5es ocorrer\u00e3o no sagu\u00e3o do Campus Anglo, na ter\u00e7a e quarta-feira (12 e 13 de junho), nos turnos da tarde e noite. Para votar \u00e9 &hellip; <a href=\"https:\/\/wp.ufpel.edu.br\/clc\/2018\/06\/11\/candidaturas-homologadas-as-eleicoes-de-representacao-discente\/\">Continue lendo <span class=\"meta-nav\">&rarr;<\/span><\/a><\/p>\n","protected":false},"author":50,"featured_media":0,"comment_status":"closed","ping_status":"closed","sticky":false,"template":"","format":"standard","meta":{"footnotes":""},"categories":[33391],"tags":[],"class_list":["post-6757","post","type-post","status-publish","format-standard","hentry","category-alunos"],"jetpack_featured_media_url":"","_links":{"self":[{"href":"https:\/\/wp.ufpel.edu.br\/clc\/wp-json\/wp\/v2\/posts\/6757","targetHints":{"allow":["GET"]}}],"collection":[{"href":"https:\/\/wp.ufpel.edu.br\/clc\/wp-json\/wp\/v2\/posts"}],"about":[{"href":"https:\/\/wp.ufpel.edu.br\/clc\/wp-json\/wp\/v2\/types\/post"}],"author":[{"embeddable":true,"href":"https:\/\/wp.ufpel.edu.br\/clc\/wp-json\/wp\/v2\/users\/50"}],"replies":[{"embeddable":true,"href":"https:\/\/wp.ufpel.edu.br\/clc\/wp-json\/wp\/v2\/comments?post=6757"}],"version-history":[{"count":1,"href":"https:\/\/wp.ufpel.edu.br\/clc\/wp-json\/wp\/v2\/posts\/6757\/revisions"}],"predecessor-version":[{"id":6759,"href":"https:\/\/wp.ufpel.edu.br\/clc\/wp-json\/wp\/v2\/posts\/6757\/revisions\/6759"}],"wp:attachment":[{"href":"https:\/\/wp.ufpel.edu.br\/clc\/wp-json\/wp\/v2\/media?parent=6757"}],"wp:term":[{"taxonomy":"category","embeddable":true,"href":"https:\/\/wp.ufpel.edu.br\/clc\/wp-json\/wp\/v2\/categories?post=6757"},{"taxonomy":"post_tag","embeddable":true,"href":"https:\/\/wp.ufpel.edu.br\/clc\/wp-json\/wp\/v2\/tags?post=6757"}],"curies":[{"name":"wp","href":"https:\/\/api.w.org\/{rel}","templated":true}]}}