{"id":6749,"date":"2018-06-08T19:05:12","date_gmt":"2018-06-08T22:05:12","guid":{"rendered":"https:\/\/wp.ufpel.edu.br\/clc\/?p=6749"},"modified":"2018-06-08T19:07:27","modified_gmt":"2018-06-08T22:07:27","slug":"gestao-devir-toma-posse-no-diretorio-academico-das-letras","status":"publish","type":"post","link":"https:\/\/wp.ufpel.edu.br\/clc\/2018\/06\/08\/gestao-devir-toma-posse-no-diretorio-academico-das-letras\/","title":{"rendered":"Gest\u00e3o Devir toma posse no Diret\u00f3rio Acad\u00eamico das Letras"},"content":{"rendered":"<p style=\"text-align: justify\">Na tarde desta sexta-feira (8), a gest\u00e3o Devir tomou posse no Diret\u00f3rio Acad\u00eamico dos cursos de Letras do Centro de Letras e Comunica\u00e7\u00e3o da UFPel. A cerim\u00f4nia ocorreu no Audit\u00f3rio da Reitoria, no Campus Porto.<\/p>\n<p style=\"text-align: justify\">Fique atento \u00e0s informa\u00e7\u00f5es da nova gest\u00e3o no <a href=\"https:\/\/www.facebook.com\/DevirUFPel\/\" target=\"_blank\" rel=\"noopener\">Facebook do DA.<\/a><\/p>\n<p><a href=\"https:\/\/wp.ufpel.edu.br\/clc\/files\/2018\/06\/devir-posse.jpg\"><img loading=\"lazy\" decoding=\"async\" class=\"alignnone size-full wp-image-6751\" src=\"https:\/\/wp.ufpel.edu.br\/clc\/files\/2018\/06\/devir-posse.jpg\" alt=\"\" width=\"1280\" height=\"720\" srcset=\"https:\/\/wp.ufpel.edu.br\/clc\/files\/2018\/06\/devir-posse.jpg 1280w, https:\/\/wp.ufpel.edu.br\/clc\/files\/2018\/06\/devir-posse-212x119.jpg 212w, https:\/\/wp.ufpel.edu.br\/clc\/files\/2018\/06\/devir-posse-424x239.jpg 424w, https:\/\/wp.ufpel.edu.br\/clc\/files\/2018\/06\/devir-posse-768x432.jpg 768w\" sizes=\"auto, (max-width: 1280px) 100vw, 1280px\" \/><\/a><\/p>\n","protected":false},"excerpt":{"rendered":"<p>Na tarde desta sexta-feira (8), a gest\u00e3o Devir tomou posse no Diret\u00f3rio Acad\u00eamico dos cursos de Letras do Centro de Letras e Comunica\u00e7\u00e3o da UFPel. A cerim\u00f4nia ocorreu no Audit\u00f3rio da Reitoria, no Campus Porto. Fique atento \u00e0s informa\u00e7\u00f5es da &hellip; <a href=\"https:\/\/wp.ufpel.edu.br\/clc\/2018\/06\/08\/gestao-devir-toma-posse-no-diretorio-academico-das-letras\/\">Continue lendo <span class=\"meta-nav\">&rarr;<\/span><\/a><\/p>\n","protected":false},"author":50,"featured_media":0,"comment_status":"closed","ping_status":"closed","sticky":false,"template":"","format":"standard","meta":{"footnotes":""},"categories":[33391,1],"tags":[],"class_list":["post-6749","post","type-post","status-publish","format-standard","hentry","category-alunos","category-notcias"],"jetpack_featured_media_url":"","_links":{"self":[{"href":"https:\/\/wp.ufpel.edu.br\/clc\/wp-json\/wp\/v2\/posts\/6749","targetHints":{"allow":["GET"]}}],"collection":[{"href":"https:\/\/wp.ufpel.edu.br\/clc\/wp-json\/wp\/v2\/posts"}],"about":[{"href":"https:\/\/wp.ufpel.edu.br\/clc\/wp-json\/wp\/v2\/types\/post"}],"author":[{"embeddable":true,"href":"https:\/\/wp.ufpel.edu.br\/clc\/wp-json\/wp\/v2\/users\/50"}],"replies":[{"embeddable":true,"href":"https:\/\/wp.ufpel.edu.br\/clc\/wp-json\/wp\/v2\/comments?post=6749"}],"version-history":[{"count":3,"href":"https:\/\/wp.ufpel.edu.br\/clc\/wp-json\/wp\/v2\/posts\/6749\/revisions"}],"predecessor-version":[{"id":6754,"href":"https:\/\/wp.ufpel.edu.br\/clc\/wp-json\/wp\/v2\/posts\/6749\/revisions\/6754"}],"wp:attachment":[{"href":"https:\/\/wp.ufpel.edu.br\/clc\/wp-json\/wp\/v2\/media?parent=6749"}],"wp:term":[{"taxonomy":"category","embeddable":true,"href":"https:\/\/wp.ufpel.edu.br\/clc\/wp-json\/wp\/v2\/categories?post=6749"},{"taxonomy":"post_tag","embeddable":true,"href":"https:\/\/wp.ufpel.edu.br\/clc\/wp-json\/wp\/v2\/tags?post=6749"}],"curies":[{"name":"wp","href":"https:\/\/api.w.org\/{rel}","templated":true}]}}