{"id":6599,"date":"2018-05-18T19:22:00","date_gmt":"2018-05-18T22:22:00","guid":{"rendered":"https:\/\/wp.ufpel.edu.br\/clc\/?p=6599"},"modified":"2018-05-24T18:10:40","modified_gmt":"2018-05-24T21:10:40","slug":"docentes-encaminham-a-pre-documento-sobre-regulamento-do-ensino","status":"publish","type":"post","link":"https:\/\/wp.ufpel.edu.br\/clc\/2018\/05\/18\/docentes-encaminham-a-pre-documento-sobre-regulamento-do-ensino\/","title":{"rendered":"Docentes encaminham \u00e0 PRE documento sobre Regulamento do Ensino"},"content":{"rendered":"<p style=\"text-align: justify\">Os docentes do CLC, em resposta \u00e0 proposta\u00a0de Resolu\u00e7\u00e3o que disp\u00f5e sobre o Regulamento do Ensino de Gradua\u00e7\u00e3o, enviaram um documento \u00e0\u00a0Pr\u00f3-Reitora de Ensino, solicitando maior prazo para discutir o documento com a comunidade universit\u00e1ria. Tal manifesta\u00e7\u00e3o se deve ao fato de o objeto em quest\u00e3o\u00a0tratar de aspectos cruciais para o ensino e para o trabalho docente na Gradua\u00e7\u00e3o, o que pode alterar profundamente a vida acad\u00eamica na Universidade.<\/p>\n<p>Abaixo, transcri\u00e7\u00e3o do memorando:<\/p>\n<p><!--more--><\/p>\n<p style=\"text-align: justify\">&#8220;REGULAMENTO DO ENSINO DE GRADUA\u00c7\u00c3O NA UFPEL<\/p>\n<p style=\"text-align: justify\">A Dire\u00e7\u00e3o do CLC convidou os seus docentes para discutir a proposta de Resolu\u00e7\u00e3o que disp\u00f5e sobre o REGULAMENTO DO ENSINO DE GRADUA\u00c7\u00c3O.<br \/>\nEm fun\u00e7\u00e3o do n\u00famero de aspectos a serem analisados e de sua import\u00e2ncia, solicitamos um maior prazo para discutir o documento com a comunidade universit\u00e1ria.<br \/>\nSolicitamos \u00e0 Pr\u00f3-Reitora de Ensino:<br \/>\n(1) a explicita\u00e7\u00e3o dos motivos da exist\u00eancia de tal Regulamento (indica\u00e7\u00e3o das bases legais que fundamentam a nova proposta, especialmente no que concerne ao aumento do semestre letivo para 18 semanas);<br \/>\n(2) a apresenta\u00e7\u00e3o pontual das reformula\u00e7\u00f5es operadas a partir do Regulamento anterior, de maneira a deixar claras quais as modifica\u00e7\u00f5es que poder\u00e3o ocorrer e o motivo dessas altera\u00e7\u00f5es, conforme exposto em (1).<\/p>\n<p style=\"text-align: justify\"><em>Docentes do CLC&#8221;<\/em><\/p>\n<p style=\"text-align: justify\">\n","protected":false},"excerpt":{"rendered":"<p>Os docentes do CLC, em resposta \u00e0 proposta\u00a0de Resolu\u00e7\u00e3o que disp\u00f5e sobre o Regulamento do Ensino de Gradua\u00e7\u00e3o, enviaram um documento \u00e0\u00a0Pr\u00f3-Reitora de Ensino, solicitando maior prazo para discutir o documento com a comunidade universit\u00e1ria. Tal manifesta\u00e7\u00e3o se deve ao &hellip; <a href=\"https:\/\/wp.ufpel.edu.br\/clc\/2018\/05\/18\/docentes-encaminham-a-pre-documento-sobre-regulamento-do-ensino\/\">Continue lendo <span class=\"meta-nav\">&rarr;<\/span><\/a><\/p>\n","protected":false},"author":50,"featured_media":0,"comment_status":"closed","ping_status":"closed","sticky":false,"template":"","format":"standard","meta":{"footnotes":""},"categories":[33387,33389],"tags":[],"class_list":["post-6599","post","type-post","status-publish","format-standard","hentry","category-direcao","category-docentes"],"jetpack_featured_media_url":"","_links":{"self":[{"href":"https:\/\/wp.ufpel.edu.br\/clc\/wp-json\/wp\/v2\/posts\/6599","targetHints":{"allow":["GET"]}}],"collection":[{"href":"https:\/\/wp.ufpel.edu.br\/clc\/wp-json\/wp\/v2\/posts"}],"about":[{"href":"https:\/\/wp.ufpel.edu.br\/clc\/wp-json\/wp\/v2\/types\/post"}],"author":[{"embeddable":true,"href":"https:\/\/wp.ufpel.edu.br\/clc\/wp-json\/wp\/v2\/users\/50"}],"replies":[{"embeddable":true,"href":"https:\/\/wp.ufpel.edu.br\/clc\/wp-json\/wp\/v2\/comments?post=6599"}],"version-history":[{"count":3,"href":"https:\/\/wp.ufpel.edu.br\/clc\/wp-json\/wp\/v2\/posts\/6599\/revisions"}],"predecessor-version":[{"id":6642,"href":"https:\/\/wp.ufpel.edu.br\/clc\/wp-json\/wp\/v2\/posts\/6599\/revisions\/6642"}],"wp:attachment":[{"href":"https:\/\/wp.ufpel.edu.br\/clc\/wp-json\/wp\/v2\/media?parent=6599"}],"wp:term":[{"taxonomy":"category","embeddable":true,"href":"https:\/\/wp.ufpel.edu.br\/clc\/wp-json\/wp\/v2\/categories?post=6599"},{"taxonomy":"post_tag","embeddable":true,"href":"https:\/\/wp.ufpel.edu.br\/clc\/wp-json\/wp\/v2\/tags?post=6599"}],"curies":[{"name":"wp","href":"https:\/\/api.w.org\/{rel}","templated":true}]}}