{"id":6314,"date":"2018-04-04T17:07:56","date_gmt":"2018-04-04T20:07:56","guid":{"rendered":"https:\/\/wp.ufpel.edu.br\/clc\/?p=6314"},"modified":"2018-04-04T17:11:21","modified_gmt":"2018-04-04T20:11:21","slug":"mulheres-e-na-literatura-e-tema-da-vi-jornada-de-literatura-cultura-e-historia","status":"publish","type":"post","link":"https:\/\/wp.ufpel.edu.br\/clc\/2018\/04\/04\/mulheres-e-na-literatura-e-tema-da-vi-jornada-de-literatura-cultura-e-historia\/","title":{"rendered":"Mulheres e\/na Literatura \u00e9 tema da VI Jornada de Literatura, Cultura e Hist\u00f3ria"},"content":{"rendered":"<p style=\"text-align: justify\">A sexta edi\u00e7\u00e3o da <strong>Jornada de Literatura, Cultura e Hist\u00f3ria<\/strong> ter\u00e1 como tema central &#8220;Mulheres e\/na Literatura&#8221;. O evento \u00e9 aberto \u00e0 comunidade em geral e ocorre nas noites de 9 a 11 de abril, no\u00a0Centro de Artes\/UFPEL, na rua Alberto Rosa, 62.\u00a0As inscri\u00e7\u00f5es s\u00e3o gratuitas e devem ser feitas atrav\u00e9s do link <a href=\"https:\/\/goo.gl\/forms\/8DMVAUHLOyXGK1wR2\" target=\"_blank\" rel=\"noopener\">https:\/\/goo.gl\/forms\/8DMVAUHLOyXGK1wR2<\/a><\/p>\n<p style=\"text-align: justify\">A abertura, no dia 9 de abril, \u00e0s 19h30, ser\u00e1 com a Prof.\u00aa Dr.\u00aa Eliane Campello (FURG). No dia 10, palestra a Prof. Dr.\u00aa Bernadette Lyra (Anhembi Morumbi). A Jornada encerra com a participa\u00e7\u00e3o\u00a0 da Prof.\u00aa Dr.\u00aa Vera Lucia Lenz Viana (UFSM).<\/p>\n<p>A participa\u00e7\u00e3o nas tr\u00eas noites do evento dar\u00e1 direito a certificado de extens\u00e3o de 30h. Confirme sua presen\u00e7a e saiba mais informa\u00e7\u00f5es no <a href=\"https:\/\/www.facebook.com\/events\/1548128585286523\/\" target=\"_blank\" rel=\"noopener\">evento no Facebook<\/a>.<\/p>\n<p style=\"text-align: justify\"><a href=\"https:\/\/wp.ufpel.edu.br\/clc\/files\/2018\/04\/29790684_1691722924222729_6300042429439727487_n.jpg\"><img loading=\"lazy\" decoding=\"async\" class=\"alignnone wp-image-6316 size-full\" src=\"https:\/\/wp.ufpel.edu.br\/clc\/files\/2018\/04\/29790684_1691722924222729_6300042429439727487_n.jpg\" alt=\"\" width=\"960\" height=\"465\" srcset=\"https:\/\/wp.ufpel.edu.br\/clc\/files\/2018\/04\/29790684_1691722924222729_6300042429439727487_n.jpg 960w, https:\/\/wp.ufpel.edu.br\/clc\/files\/2018\/04\/29790684_1691722924222729_6300042429439727487_n-212x103.jpg 212w, https:\/\/wp.ufpel.edu.br\/clc\/files\/2018\/04\/29790684_1691722924222729_6300042429439727487_n-424x205.jpg 424w, https:\/\/wp.ufpel.edu.br\/clc\/files\/2018\/04\/29790684_1691722924222729_6300042429439727487_n-768x372.jpg 768w\" sizes=\"auto, (max-width: 960px) 100vw, 960px\" \/><\/a><\/p>\n<p>A Jornada de Literatura, Cultura e Hist\u00f3ria \u00e9 organizada pelo <strong>Grupo de Pesquisa &#8220;Estudos Comparados em Literatura, Cultura e Hist\u00f3ria&#8221;<\/strong>, do Centro de Letras e Comunica\u00e7\u00e3o.<\/p>\n<p style=\"text-align: justify\">\n","protected":false},"excerpt":{"rendered":"<p>A sexta edi\u00e7\u00e3o da Jornada de Literatura, Cultura e Hist\u00f3ria ter\u00e1 como tema central &#8220;Mulheres e\/na Literatura&#8221;. O evento \u00e9 aberto \u00e0 comunidade em geral e ocorre nas noites de 9 a 11 de abril, no\u00a0Centro de Artes\/UFPEL, na rua &hellip; <a href=\"https:\/\/wp.ufpel.edu.br\/clc\/2018\/04\/04\/mulheres-e-na-literatura-e-tema-da-vi-jornada-de-literatura-cultura-e-historia\/\">Continue lendo <span class=\"meta-nav\">&rarr;<\/span><\/a><\/p>\n","protected":false},"author":50,"featured_media":0,"comment_status":"closed","ping_status":"closed","sticky":false,"template":"","format":"standard","meta":{"footnotes":""},"categories":[33383,33386],"tags":[],"class_list":["post-6314","post","type-post","status-publish","format-standard","hentry","category-abertos-a-comunidade","category-eventos"],"jetpack_featured_media_url":"","_links":{"self":[{"href":"https:\/\/wp.ufpel.edu.br\/clc\/wp-json\/wp\/v2\/posts\/6314","targetHints":{"allow":["GET"]}}],"collection":[{"href":"https:\/\/wp.ufpel.edu.br\/clc\/wp-json\/wp\/v2\/posts"}],"about":[{"href":"https:\/\/wp.ufpel.edu.br\/clc\/wp-json\/wp\/v2\/types\/post"}],"author":[{"embeddable":true,"href":"https:\/\/wp.ufpel.edu.br\/clc\/wp-json\/wp\/v2\/users\/50"}],"replies":[{"embeddable":true,"href":"https:\/\/wp.ufpel.edu.br\/clc\/wp-json\/wp\/v2\/comments?post=6314"}],"version-history":[{"count":3,"href":"https:\/\/wp.ufpel.edu.br\/clc\/wp-json\/wp\/v2\/posts\/6314\/revisions"}],"predecessor-version":[{"id":6321,"href":"https:\/\/wp.ufpel.edu.br\/clc\/wp-json\/wp\/v2\/posts\/6314\/revisions\/6321"}],"wp:attachment":[{"href":"https:\/\/wp.ufpel.edu.br\/clc\/wp-json\/wp\/v2\/media?parent=6314"}],"wp:term":[{"taxonomy":"category","embeddable":true,"href":"https:\/\/wp.ufpel.edu.br\/clc\/wp-json\/wp\/v2\/categories?post=6314"},{"taxonomy":"post_tag","embeddable":true,"href":"https:\/\/wp.ufpel.edu.br\/clc\/wp-json\/wp\/v2\/tags?post=6314"}],"curies":[{"name":"wp","href":"https:\/\/api.w.org\/{rel}","templated":true}]}}