{"id":6305,"date":"2018-04-03T18:00:13","date_gmt":"2018-04-03T21:00:13","guid":{"rendered":"https:\/\/wp.ufpel.edu.br\/clc\/?p=6305"},"modified":"2018-04-03T18:01:23","modified_gmt":"2018-04-03T21:01:23","slug":"suplentes-dos-cursos-basicos-de-linguas-2018-1","status":"publish","type":"post","link":"https:\/\/wp.ufpel.edu.br\/clc\/2018\/04\/03\/suplentes-dos-cursos-basicos-de-linguas-2018-1\/","title":{"rendered":"Suplentes dos Cursos B\u00e1sicos de L\u00ednguas (2018-1)"},"content":{"rendered":"<p style=\"text-align: justify\"><a href=\"https:\/\/wp.ufpel.edu.br\/clc\/files\/2018\/04\/CARTAZ-SUPLENTES-2018.png\"><img loading=\"lazy\" decoding=\"async\" class=\" wp-image-6309 alignright\" src=\"https:\/\/wp.ufpel.edu.br\/clc\/files\/2018\/04\/CARTAZ-SUPLENTES-2018-424x318.png\" alt=\"\" width=\"343\" height=\"257\" srcset=\"https:\/\/wp.ufpel.edu.br\/clc\/files\/2018\/04\/CARTAZ-SUPLENTES-2018-424x318.png 424w, https:\/\/wp.ufpel.edu.br\/clc\/files\/2018\/04\/CARTAZ-SUPLENTES-2018-212x159.png 212w, https:\/\/wp.ufpel.edu.br\/clc\/files\/2018\/04\/CARTAZ-SUPLENTES-2018-768x576.png 768w, https:\/\/wp.ufpel.edu.br\/clc\/files\/2018\/04\/CARTAZ-SUPLENTES-2018.png 1024w\" sizes=\"auto, (max-width: 343px) 100vw, 343px\" \/><\/a>A C\u00e2mara de Extens\u00e3o do Centro de Letras e Comunica\u00e7\u00e3o disponibilizou a\u00a0<strong>lista dos suplentes sorteados\u00a0<\/strong>nos\u00a0Cursos de L\u00ednguas (2018\/1).<\/p>\n<p style=\"text-align: justify\"><strong>Confira:\u00a0<a href=\"https:\/\/wp.ufpel.edu.br\/clc\/files\/2018\/04\/RESULTADO-SUPLENTES-cursos-2018-1.pdf\">RESULTADO SUPLENTES cursos 2018-1<\/a><\/strong><\/p>\n<p style=\"text-align: justify\">O n\u00famero de suplentes chamados corresponde ao n\u00famero de vagas restantes ap\u00f3s a primeira chamada. A ordem da supl\u00eancia foi estabelecida no mesmo sorteio, realizado no dia 26 de mar\u00e7o.<\/p>\n<p style=\"text-align: justify\">As\u00a0<strong>matr\u00edculas<\/strong>\u00a0ocorrem no dia\u00a0<strong>05<\/strong>, quinta-feira, das\u00a0<strong>14h \u00e0s 18h<\/strong>. Endere\u00e7o: rua Gomes Carneiro n\u00ba01, pr\u00e9dio B, sala 102, Campus Porto.<\/p>\n<p>&nbsp;<\/p>\n","protected":false},"excerpt":{"rendered":"<p>A C\u00e2mara de Extens\u00e3o do Centro de Letras e Comunica\u00e7\u00e3o disponibilizou a\u00a0lista dos suplentes sorteados\u00a0nos\u00a0Cursos de L\u00ednguas (2018\/1). Confira:\u00a0RESULTADO SUPLENTES cursos 2018-1 O n\u00famero de suplentes chamados corresponde ao n\u00famero de vagas restantes ap\u00f3s a primeira chamada. A ordem da &hellip; <a href=\"https:\/\/wp.ufpel.edu.br\/clc\/2018\/04\/03\/suplentes-dos-cursos-basicos-de-linguas-2018-1\/\">Continue lendo <span class=\"meta-nav\">&rarr;<\/span><\/a><\/p>\n","protected":false},"author":50,"featured_media":0,"comment_status":"closed","ping_status":"closed","sticky":false,"template":"","format":"standard","meta":{"footnotes":""},"categories":[33383,33380,33392,1],"tags":[],"class_list":["post-6305","post","type-post","status-publish","format-standard","hentry","category-abertos-a-comunidade","category-camara-de-extensao","category-cursos","category-notcias"],"jetpack_featured_media_url":"","_links":{"self":[{"href":"https:\/\/wp.ufpel.edu.br\/clc\/wp-json\/wp\/v2\/posts\/6305","targetHints":{"allow":["GET"]}}],"collection":[{"href":"https:\/\/wp.ufpel.edu.br\/clc\/wp-json\/wp\/v2\/posts"}],"about":[{"href":"https:\/\/wp.ufpel.edu.br\/clc\/wp-json\/wp\/v2\/types\/post"}],"author":[{"embeddable":true,"href":"https:\/\/wp.ufpel.edu.br\/clc\/wp-json\/wp\/v2\/users\/50"}],"replies":[{"embeddable":true,"href":"https:\/\/wp.ufpel.edu.br\/clc\/wp-json\/wp\/v2\/comments?post=6305"}],"version-history":[{"count":1,"href":"https:\/\/wp.ufpel.edu.br\/clc\/wp-json\/wp\/v2\/posts\/6305\/revisions"}],"predecessor-version":[{"id":6310,"href":"https:\/\/wp.ufpel.edu.br\/clc\/wp-json\/wp\/v2\/posts\/6305\/revisions\/6310"}],"wp:attachment":[{"href":"https:\/\/wp.ufpel.edu.br\/clc\/wp-json\/wp\/v2\/media?parent=6305"}],"wp:term":[{"taxonomy":"category","embeddable":true,"href":"https:\/\/wp.ufpel.edu.br\/clc\/wp-json\/wp\/v2\/categories?post=6305"},{"taxonomy":"post_tag","embeddable":true,"href":"https:\/\/wp.ufpel.edu.br\/clc\/wp-json\/wp\/v2\/tags?post=6305"}],"curies":[{"name":"wp","href":"https:\/\/api.w.org\/{rel}","templated":true}]}}