{"id":6294,"date":"2018-04-02T19:07:27","date_gmt":"2018-04-02T22:07:27","guid":{"rendered":"https:\/\/wp.ufpel.edu.br\/clc\/?p=6294"},"modified":"2018-04-02T19:22:43","modified_gmt":"2018-04-02T22:22:43","slug":"aula-inaugural-do-clc-ocorre-no-dia-12-quinta-feira","status":"publish","type":"post","link":"https:\/\/wp.ufpel.edu.br\/clc\/2018\/04\/02\/aula-inaugural-do-clc-ocorre-no-dia-12-quinta-feira\/","title":{"rendered":"Aula Inaugural do CLC ocorre no dia 12 (quinta-feira)"},"content":{"rendered":"<p style=\"text-align: justify\">A aula inaugural do primeiro semestre de 2018 do Centro de Letras e Comunica\u00e7\u00e3o (CLC) traz o Professor Dr. e jornalista Marcos Rolim,\u00a0com a tem\u00e1tica:<strong>\u00a0&#8220;O Brasil diante do \u00f3dio, m\u00eddia e educa\u00e7\u00e3o em tempos sombrios&#8221;<\/strong>.<strong>\u00a0<\/strong>Pela primeira vez, a aula inaugural ser\u00e1 de todos os cursos do CLC.<\/p>\n<p style=\"text-align: justify\">A aula inaugural ocorrer\u00e1 no dia 12 de abril, quinta-feira, \u00e0s 19h, no Audit\u00f3rio do Direito (rua\u00a0Tr\u00eas de Maio, 1571).<\/p>\n<p><a href=\"https:\/\/wp.ufpel.edu.br\/clc\/files\/2018\/04\/29598230_1690051504389871_7831387023657733303_n.jpg\"><img loading=\"lazy\" decoding=\"async\" class=\"alignnone wp-image-6296 size-full\" src=\"https:\/\/wp.ufpel.edu.br\/clc\/files\/2018\/04\/29598230_1690051504389871_7831387023657733303_n.jpg\" alt=\"\" width=\"800\" height=\"800\" srcset=\"https:\/\/wp.ufpel.edu.br\/clc\/files\/2018\/04\/29598230_1690051504389871_7831387023657733303_n.jpg 800w, https:\/\/wp.ufpel.edu.br\/clc\/files\/2018\/04\/29598230_1690051504389871_7831387023657733303_n-159x159.jpg 159w, https:\/\/wp.ufpel.edu.br\/clc\/files\/2018\/04\/29598230_1690051504389871_7831387023657733303_n-318x318.jpg 318w, https:\/\/wp.ufpel.edu.br\/clc\/files\/2018\/04\/29598230_1690051504389871_7831387023657733303_n-768x768.jpg 768w\" sizes=\"auto, (max-width: 800px) 100vw, 800px\" \/><\/a><\/p>\n","protected":false},"excerpt":{"rendered":"<p>A aula inaugural do primeiro semestre de 2018 do Centro de Letras e Comunica\u00e7\u00e3o (CLC) traz o Professor Dr. e jornalista Marcos Rolim,\u00a0com a tem\u00e1tica:\u00a0&#8220;O Brasil diante do \u00f3dio, m\u00eddia e educa\u00e7\u00e3o em tempos sombrios&#8221;.\u00a0Pela primeira vez, a aula inaugural &hellip; <a href=\"https:\/\/wp.ufpel.edu.br\/clc\/2018\/04\/02\/aula-inaugural-do-clc-ocorre-no-dia-12-quinta-feira\/\">Continue lendo <span class=\"meta-nav\">&rarr;<\/span><\/a><\/p>\n","protected":false},"author":50,"featured_media":0,"comment_status":"closed","ping_status":"closed","sticky":false,"template":"","format":"standard","meta":{"footnotes":""},"categories":[33391,33386],"tags":[],"class_list":["post-6294","post","type-post","status-publish","format-standard","hentry","category-alunos","category-eventos"],"jetpack_featured_media_url":"","_links":{"self":[{"href":"https:\/\/wp.ufpel.edu.br\/clc\/wp-json\/wp\/v2\/posts\/6294","targetHints":{"allow":["GET"]}}],"collection":[{"href":"https:\/\/wp.ufpel.edu.br\/clc\/wp-json\/wp\/v2\/posts"}],"about":[{"href":"https:\/\/wp.ufpel.edu.br\/clc\/wp-json\/wp\/v2\/types\/post"}],"author":[{"embeddable":true,"href":"https:\/\/wp.ufpel.edu.br\/clc\/wp-json\/wp\/v2\/users\/50"}],"replies":[{"embeddable":true,"href":"https:\/\/wp.ufpel.edu.br\/clc\/wp-json\/wp\/v2\/comments?post=6294"}],"version-history":[{"count":4,"href":"https:\/\/wp.ufpel.edu.br\/clc\/wp-json\/wp\/v2\/posts\/6294\/revisions"}],"predecessor-version":[{"id":6303,"href":"https:\/\/wp.ufpel.edu.br\/clc\/wp-json\/wp\/v2\/posts\/6294\/revisions\/6303"}],"wp:attachment":[{"href":"https:\/\/wp.ufpel.edu.br\/clc\/wp-json\/wp\/v2\/media?parent=6294"}],"wp:term":[{"taxonomy":"category","embeddable":true,"href":"https:\/\/wp.ufpel.edu.br\/clc\/wp-json\/wp\/v2\/categories?post=6294"},{"taxonomy":"post_tag","embeddable":true,"href":"https:\/\/wp.ufpel.edu.br\/clc\/wp-json\/wp\/v2\/tags?post=6294"}],"curies":[{"name":"wp","href":"https:\/\/api.w.org\/{rel}","templated":true}]}}