{"id":6275,"date":"2018-04-02T14:58:31","date_gmt":"2018-04-02T17:58:31","guid":{"rendered":"https:\/\/wp.ufpel.edu.br\/clc\/?p=6275"},"modified":"2018-04-16T14:10:50","modified_gmt":"2018-04-16T17:10:50","slug":"locais-dos-cursos-basicos-de-linguas-estao-disponiveis-2","status":"publish","type":"post","link":"https:\/\/wp.ufpel.edu.br\/clc\/2018\/04\/02\/locais-dos-cursos-basicos-de-linguas-estao-disponiveis-2\/","title":{"rendered":"Locais dos Cursos B\u00e1sicos de L\u00ednguas est\u00e3o dispon\u00edveis"},"content":{"rendered":"<p style=\"text-align: justify\">A C\u00e2mara de Extens\u00e3o do CLC divulgou os locais e salas dos\u00a0Cursos de L\u00ednguas (2018\/1), os quais\u00a0<strong>iniciam\u00a0no dia 07 de abril<\/strong>\u00a0(pr\u00f3ximo s\u00e1bado). As turmas se dividem entre os pr\u00e9dios: do <strong>Campus Porto<\/strong>, na <a href=\"https:\/\/maps.google.com\/?q=Rua%C2%A0Gomes+Carneiro,+n%C2%BA+01&amp;entry=gmail&amp;source=g\" target=\"_blank\" rel=\"noopener\">Rua\u00a0Gomes Carneiro, n\u00ba 01<\/a>; da<strong> antiga Escola Salis Goulart<\/strong>, na <a href=\"https:\/\/maps.google.com\/?q=F%C3%A9lix+da+Cunha,+520&amp;entry=gmail&amp;source=g\" target=\"_blank\" rel=\"noopener\">F\u00e9lix da Cunha, 520<\/a> (entrada pela rua Tiradentes); e do\u00a0<strong>Idiomas sem Fronteiras<\/strong>,\u00a0antigo pr\u00e9dio da Justi\u00e7a do Trabalho, na\u00a0<a href=\"https:\/\/www.google.com\/maps?q=Rua+Lobo+da+Costa,+n%C2%BA+585&amp;entry=gmail&amp;source=g\" target=\"_blank\" rel=\"noopener\">Rua Lobo da Costa, n\u00ba 585<\/a> (entre Barroso e Alberto Rosa).<\/p>\n<p style=\"text-align: justify\">As salas de aula e os ministrantes de cada turma est\u00e3o dispon\u00edveis no arquivo:\u00a0<a href=\"https:\/\/wp.ufpel.edu.br\/clc\/files\/2018\/04\/Locais-e-MINISTRANTES-cursos-2018-1-1.pdf\">Locais e MINISTRANTES cursos 2018-1<\/a><\/p>\n<p>A <strong>lista de suplentes<\/strong> foi publicada <a href=\"https:\/\/wp.ufpel.edu.br\/clc\/2018\/04\/03\/suplentes-dos-cursos-basicos-de-linguas-2018-1\/\" target=\"_blank\" rel=\"noopener\">aqui,\u00a0<\/a>em 03\/04.<\/p>\n","protected":false},"excerpt":{"rendered":"<p>A C\u00e2mara de Extens\u00e3o do CLC divulgou os locais e salas dos\u00a0Cursos de L\u00ednguas (2018\/1), os quais\u00a0iniciam\u00a0no dia 07 de abril\u00a0(pr\u00f3ximo s\u00e1bado). As turmas se dividem entre os pr\u00e9dios: do Campus Porto, na Rua\u00a0Gomes Carneiro, n\u00ba 01; da antiga Escola &hellip; <a href=\"https:\/\/wp.ufpel.edu.br\/clc\/2018\/04\/02\/locais-dos-cursos-basicos-de-linguas-estao-disponiveis-2\/\">Continue lendo <span class=\"meta-nav\">&rarr;<\/span><\/a><\/p>\n","protected":false},"author":50,"featured_media":0,"comment_status":"closed","ping_status":"closed","sticky":false,"template":"","format":"standard","meta":{"footnotes":""},"categories":[33383,33380,33392],"tags":[],"class_list":["post-6275","post","type-post","status-publish","format-standard","hentry","category-abertos-a-comunidade","category-camara-de-extensao","category-cursos"],"jetpack_featured_media_url":"","_links":{"self":[{"href":"https:\/\/wp.ufpel.edu.br\/clc\/wp-json\/wp\/v2\/posts\/6275","targetHints":{"allow":["GET"]}}],"collection":[{"href":"https:\/\/wp.ufpel.edu.br\/clc\/wp-json\/wp\/v2\/posts"}],"about":[{"href":"https:\/\/wp.ufpel.edu.br\/clc\/wp-json\/wp\/v2\/types\/post"}],"author":[{"embeddable":true,"href":"https:\/\/wp.ufpel.edu.br\/clc\/wp-json\/wp\/v2\/users\/50"}],"replies":[{"embeddable":true,"href":"https:\/\/wp.ufpel.edu.br\/clc\/wp-json\/wp\/v2\/comments?post=6275"}],"version-history":[{"count":4,"href":"https:\/\/wp.ufpel.edu.br\/clc\/wp-json\/wp\/v2\/posts\/6275\/revisions"}],"predecessor-version":[{"id":6322,"href":"https:\/\/wp.ufpel.edu.br\/clc\/wp-json\/wp\/v2\/posts\/6275\/revisions\/6322"}],"wp:attachment":[{"href":"https:\/\/wp.ufpel.edu.br\/clc\/wp-json\/wp\/v2\/media?parent=6275"}],"wp:term":[{"taxonomy":"category","embeddable":true,"href":"https:\/\/wp.ufpel.edu.br\/clc\/wp-json\/wp\/v2\/categories?post=6275"},{"taxonomy":"post_tag","embeddable":true,"href":"https:\/\/wp.ufpel.edu.br\/clc\/wp-json\/wp\/v2\/tags?post=6275"}],"curies":[{"name":"wp","href":"https:\/\/api.w.org\/{rel}","templated":true}]}}