{"id":6270,"date":"2018-03-29T17:24:35","date_gmt":"2018-03-29T20:24:35","guid":{"rendered":"https:\/\/wp.ufpel.edu.br\/clc\/?p=6270"},"modified":"2018-04-18T14:23:58","modified_gmt":"2018-04-18T17:23:58","slug":"resultado-dos-ministrantes-de-lingua-francesa-vagas-remanescentes-2","status":"publish","type":"post","link":"https:\/\/wp.ufpel.edu.br\/clc\/2018\/03\/29\/resultado-dos-ministrantes-de-lingua-francesa-vagas-remanescentes-2\/","title":{"rendered":"Resultado da sele\u00e7\u00e3o de ministrantes de L\u00edngua Francesa \u2013 Vagas Remanescentes"},"content":{"rendered":"<p style=\"text-align: justify\">A coordena\u00e7\u00e3o do projeto Cursos de L\u00ednguas, por meio da \u00c1rea de L\u00edngua Francesa, informa a lista de candidatos selecionados para preenchimento de vagas remanescentes para atuarem como ministrantes dos Cursos B\u00e1sicos de L\u00edngua Francesa, conforme o\u00a0<a href=\"https:\/\/wp.ufpel.edu.br\/clc\/files\/2018\/03\/Edital-05_2018-reabertura-ministrantes-frances-2018-1.pdf\">edital de Complementa\u00e7\u00e3o de vagas<\/a>.<\/p>\n<p style=\"text-align: justify\">Confira o resultado no link:\u00a0<a href=\"https:\/\/wp.ufpel.edu.br\/clc\/files\/2018\/03\/RESULTADO-Edital-05_2018-vaga-remanescente-frances-2018-1-1.pdf\">RESULTADO Edital 05_2018 vaga remanescente frances 2018-1<\/a><\/p>\n","protected":false},"excerpt":{"rendered":"<p>A coordena\u00e7\u00e3o do projeto Cursos de L\u00ednguas, por meio da \u00c1rea de L\u00edngua Francesa, informa a lista de candidatos selecionados para preenchimento de vagas remanescentes para atuarem como ministrantes dos Cursos B\u00e1sicos de L\u00edngua Francesa, conforme o\u00a0edital de Complementa\u00e7\u00e3o de &hellip; <a href=\"https:\/\/wp.ufpel.edu.br\/clc\/2018\/03\/29\/resultado-dos-ministrantes-de-lingua-francesa-vagas-remanescentes-2\/\">Continue lendo <span class=\"meta-nav\">&rarr;<\/span><\/a><\/p>\n","protected":false},"author":50,"featured_media":0,"comment_status":"closed","ping_status":"closed","sticky":false,"template":"","format":"standard","meta":{"footnotes":""},"categories":[33380,33385],"tags":[],"class_list":["post-6270","post","type-post","status-publish","format-standard","hentry","category-camara-de-extensao","category-editais-e-resultados"],"jetpack_featured_media_url":"","_links":{"self":[{"href":"https:\/\/wp.ufpel.edu.br\/clc\/wp-json\/wp\/v2\/posts\/6270","targetHints":{"allow":["GET"]}}],"collection":[{"href":"https:\/\/wp.ufpel.edu.br\/clc\/wp-json\/wp\/v2\/posts"}],"about":[{"href":"https:\/\/wp.ufpel.edu.br\/clc\/wp-json\/wp\/v2\/types\/post"}],"author":[{"embeddable":true,"href":"https:\/\/wp.ufpel.edu.br\/clc\/wp-json\/wp\/v2\/users\/50"}],"replies":[{"embeddable":true,"href":"https:\/\/wp.ufpel.edu.br\/clc\/wp-json\/wp\/v2\/comments?post=6270"}],"version-history":[{"count":3,"href":"https:\/\/wp.ufpel.edu.br\/clc\/wp-json\/wp\/v2\/posts\/6270\/revisions"}],"predecessor-version":[{"id":6401,"href":"https:\/\/wp.ufpel.edu.br\/clc\/wp-json\/wp\/v2\/posts\/6270\/revisions\/6401"}],"wp:attachment":[{"href":"https:\/\/wp.ufpel.edu.br\/clc\/wp-json\/wp\/v2\/media?parent=6270"}],"wp:term":[{"taxonomy":"category","embeddable":true,"href":"https:\/\/wp.ufpel.edu.br\/clc\/wp-json\/wp\/v2\/categories?post=6270"},{"taxonomy":"post_tag","embeddable":true,"href":"https:\/\/wp.ufpel.edu.br\/clc\/wp-json\/wp\/v2\/tags?post=6270"}],"curies":[{"name":"wp","href":"https:\/\/api.w.org\/{rel}","templated":true}]}}