{"id":6073,"date":"2017-12-22T14:11:33","date_gmt":"2017-12-22T16:11:33","guid":{"rendered":"https:\/\/wp.ufpel.edu.br\/clc\/?p=6073"},"modified":"2017-12-22T14:59:27","modified_gmt":"2017-12-22T16:59:27","slug":"6073","status":"publish","type":"post","link":"https:\/\/wp.ufpel.edu.br\/clc\/2017\/12\/22\/6073\/","title":{"rendered":"Coordenadores de cursos s\u00e3o escolhidos pela comunidade CLC"},"content":{"rendered":"<p style=\"text-align: justify\">A Comiss\u00e3o Eleitoral para coordena\u00e7\u00f5es de Colegiados de Curso do Centro de Letras e Comunica\u00e7\u00e3o divulga os resultados das consultas a docentes e discentes referentes aos cargos de Coordenador(a) e Coordenador(a) Adjunto(a), realizadas nos dias 19 e 20 de dezembro de 2017.<\/p>\n<p>Documento dispon\u00edvel em:\u00a0<a href=\"https:\/\/wp.ufpel.edu.br\/clc\/files\/2017\/12\/Consulta_dezembro_2017_resultados.docx\">Consulta_dezembro_2017_resultados<\/a><\/p>\n<ul>\n<li><strong>LICENCIATURA EM LETRAS PORTUGU\u00caS ALEM\u00c3O<\/strong><\/li>\n<\/ul>\n<p>Coordenadora: Profa. Dra. Milena Hoffmann Kunrath<\/p>\n<p>Coordenadora Adjunta: Profa. Dra. Daniele Gallindo Gon\u00e7alves Silva<\/p>\n<ul>\n<li><strong>LICENCIATURA EM LETRAS PORTUGU\u00caS ESPANHOL<\/strong><\/li>\n<\/ul>\n<p>Coordenador: Prof. Dr. Uruguay Cortazzo Gonz\u00e1lez<\/p>\n<p>Coordenadora Adjunta: Profa. Dra. Aline Coelho da Silva<\/p>\n<ul>\n<li><strong>LICENCIATURA EM LETRAS PORTUGU\u00caS FRANC\u00caS<\/strong><\/li>\n<\/ul>\n<p>Coordenadora: Profa. Dra. Maristela Gon\u00e7alves Sousa Machado<\/p>\n<p>Coordenadora Adjunta: Profa. Dra. Mariza Pereira Zanini<\/p>\n<ul>\n<li><strong>BACHARELADO EM LETRAS TRADU\u00c7\u00c3O ESPANHOL PORTUGU\u00caS<\/strong><\/li>\n<\/ul>\n<p>Coordenadora: Profa. Dra. Andrea Cristiane Kahmann<\/p>\n<p>Coordenadora Adjunta: Profa. Dra. Marisa Helena Degasperi<\/p>\n<ul>\n<li><strong>BACHARELADO EM JORNALISMO<\/strong><\/li>\n<\/ul>\n<p>Coordenador: Prof. Dr. F\u00e1bio Sousa da Cruz<\/p>\n<p>Coordenador Adjunto: Prof. Dr. Carlos Andre Echenique Dominguez<\/p>\n","protected":false},"excerpt":{"rendered":"<p>A Comiss\u00e3o Eleitoral para coordena\u00e7\u00f5es de Colegiados de Curso do Centro de Letras e Comunica\u00e7\u00e3o divulga os resultados das consultas a docentes e discentes referentes aos cargos de Coordenador(a) e Coordenador(a) Adjunto(a), realizadas nos dias 19 e 20 de dezembro &hellip; <a href=\"https:\/\/wp.ufpel.edu.br\/clc\/2017\/12\/22\/6073\/\">Continue lendo <span class=\"meta-nav\">&rarr;<\/span><\/a><\/p>\n","protected":false},"author":50,"featured_media":0,"comment_status":"closed","ping_status":"closed","sticky":false,"template":"","format":"standard","meta":{"footnotes":""},"categories":[33385],"tags":[],"class_list":["post-6073","post","type-post","status-publish","format-standard","hentry","category-editais-e-resultados"],"jetpack_featured_media_url":"","_links":{"self":[{"href":"https:\/\/wp.ufpel.edu.br\/clc\/wp-json\/wp\/v2\/posts\/6073","targetHints":{"allow":["GET"]}}],"collection":[{"href":"https:\/\/wp.ufpel.edu.br\/clc\/wp-json\/wp\/v2\/posts"}],"about":[{"href":"https:\/\/wp.ufpel.edu.br\/clc\/wp-json\/wp\/v2\/types\/post"}],"author":[{"embeddable":true,"href":"https:\/\/wp.ufpel.edu.br\/clc\/wp-json\/wp\/v2\/users\/50"}],"replies":[{"embeddable":true,"href":"https:\/\/wp.ufpel.edu.br\/clc\/wp-json\/wp\/v2\/comments?post=6073"}],"version-history":[{"count":3,"href":"https:\/\/wp.ufpel.edu.br\/clc\/wp-json\/wp\/v2\/posts\/6073\/revisions"}],"predecessor-version":[{"id":6078,"href":"https:\/\/wp.ufpel.edu.br\/clc\/wp-json\/wp\/v2\/posts\/6073\/revisions\/6078"}],"wp:attachment":[{"href":"https:\/\/wp.ufpel.edu.br\/clc\/wp-json\/wp\/v2\/media?parent=6073"}],"wp:term":[{"taxonomy":"category","embeddable":true,"href":"https:\/\/wp.ufpel.edu.br\/clc\/wp-json\/wp\/v2\/categories?post=6073"},{"taxonomy":"post_tag","embeddable":true,"href":"https:\/\/wp.ufpel.edu.br\/clc\/wp-json\/wp\/v2\/tags?post=6073"}],"curies":[{"name":"wp","href":"https:\/\/api.w.org\/{rel}","templated":true}]}}