{"id":6060,"date":"2017-12-20T16:57:38","date_gmt":"2017-12-20T18:57:38","guid":{"rendered":"https:\/\/wp.ufpel.edu.br\/clc\/?p=6060"},"modified":"2017-12-22T14:19:20","modified_gmt":"2017-12-22T16:19:20","slug":"curso-de-letras-portugues-e-espanhol-recebe-conceito-5-do-mec","status":"publish","type":"post","link":"https:\/\/wp.ufpel.edu.br\/clc\/2017\/12\/20\/curso-de-letras-portugues-e-espanhol-recebe-conceito-5-do-mec\/","title":{"rendered":"Curso de Letras Portugu\u00eas e Espanhol recebe conceito 5 do MEC"},"content":{"rendered":"<h4>Atualizado em 21\/12\/17<br \/>\n<em>Com informa\u00e7\u00f5es do\u00a0<a href=\"http:\/\/ccs2.ufpel.edu.br\/wp\/2017\/12\/19\/curso-de-letras-portugues-e-espanhol-recebe-conceito-5-do-mec\/\" target=\"_blank\" rel=\"noopener\">site da UFPel.<\/a><\/em><\/h4>\n<p style=\"text-align: justify\"><a href=\"https:\/\/wp.ufpel.edu.br\/clc\/files\/2017\/12\/CARTAZ-curso-esp.png\"><img loading=\"lazy\" decoding=\"async\" class=\"wp-image-6071 alignleft\" src=\"https:\/\/wp.ufpel.edu.br\/clc\/files\/2017\/12\/CARTAZ-curso-esp-424x229.png\" alt=\"\" width=\"289\" height=\"156\" srcset=\"https:\/\/wp.ufpel.edu.br\/clc\/files\/2017\/12\/CARTAZ-curso-esp-424x229.png 424w, https:\/\/wp.ufpel.edu.br\/clc\/files\/2017\/12\/CARTAZ-curso-esp-212x114.png 212w, https:\/\/wp.ufpel.edu.br\/clc\/files\/2017\/12\/CARTAZ-curso-esp-768x414.png 768w\" sizes=\"auto, (max-width: 289px) 100vw, 289px\" \/><\/a>O curso de Letras Portugu\u00eas e Espanhol da UFPel recebeu o conceito m\u00e1ximo Cinco,\u00a0 considerado como excelente, no processo de Renova\u00e7\u00e3o de Reconhecimento feito por comiss\u00e3o de avaliadores do INEP\/MEC. O conceito resultante da avalia\u00e7\u00e3o \u00e9 um dos elementos utilizados pelo Minist\u00e9rio da Educa\u00e7\u00e3o para deferir o Reconhecimento ou a Renova\u00e7\u00e3o de Reconhecimento de um curso. A visita dos avaliadores ocorreu de 10 a 13 de dezembro de 2017. O relat\u00f3rio est\u00e1 dispon\u00edvel no link: <a href=\"https:\/\/wp.ufpel.edu.br\/clc\/files\/2017\/12\/MEC.-Relat\u00f3rio-final-avalia\u00e7\u00e3o-in-loco-Letras-Portugu\u00eas-Espanhol-1.pdf\" target=\"_blank\" rel=\"noopener\">MEC. Relat\u00f3rio final avalia\u00e7\u00e3o in loco &#8211; Letras-Portugu\u00eas Espanhol<\/a><\/p>\n<p style=\"text-align: justify\">Em mensagem \u00e0 comunidade CLC, a Coordena\u00e7\u00e3o de Portugu\u00eas-Espanhol, que tem a frente os professores Uruguay Cortazzo e Aline Coelho, comemora o conceito m\u00e1ximo obtido pelo curso junto ao MEC: &#8220;Gostar\u00edamos de agradecer a inestim\u00e1vel colabora\u00e7\u00e3o de todos na entrega de seus curr\u00edculos, na participa\u00e7\u00e3o da reuni\u00e3o dos professores, no elenco no NDE e Colegiado, assim como as dicas valios\u00edssimas do Helano, da parceria da Isabella e\u00a0da Luciana, do apoio do Guilherme, da Cris Guidotti e o empenho do Luan. Consideramos que o resultado obtido \u00e9 um produto coletivo que mostra que mesmo sendo uma universidade com s\u00e9rias fragilidades estruturais e de conjuntura, conseguimos mostrar a nossa melhor face que a integra\u00e7\u00e3o de todas nossas for\u00e7as.&#8221;<\/p>\n<p style=\"text-align: justify\"><strong>Entenda a avalia\u00e7\u00e3o<\/strong><\/p>\n<p style=\"text-align: justify\">A comiss\u00e3o do INEP avalia os cursos levando em considera\u00e7\u00e3o tr\u00eas dimens\u00f5es, que s\u00e3o a Organiza\u00e7\u00e3o Did\u00e1tico-Pedag\u00f3gica; o Corpo Docente e Tutorial e a Infraestrutura; os requisitos legais e os referenciais de qualidade dispostos na legisla\u00e7\u00e3o vigente. O resultado da avalia\u00e7\u00e3o <em>in loco<\/em> \u00e9 divulgado atrav\u00e9s de relat\u00f3rio no sistema e-MEC e \u00e9\u00a0encaminhado \u00e0s unidades acad\u00eamicas pelo N\u00facleo de Regula\u00e7\u00e3o de Cursos da Universidade.<\/p>\n","protected":false},"excerpt":{"rendered":"<p>Atualizado em 21\/12\/17 Com informa\u00e7\u00f5es do\u00a0site da UFPel. O curso de Letras Portugu\u00eas e Espanhol da UFPel recebeu o conceito m\u00e1ximo Cinco,\u00a0 considerado como excelente, no processo de Renova\u00e7\u00e3o de Reconhecimento feito por comiss\u00e3o de avaliadores do INEP\/MEC. O conceito &hellip; <a href=\"https:\/\/wp.ufpel.edu.br\/clc\/2017\/12\/20\/curso-de-letras-portugues-e-espanhol-recebe-conceito-5-do-mec\/\">Continue lendo <span class=\"meta-nav\">&rarr;<\/span><\/a><\/p>\n","protected":false},"author":50,"featured_media":0,"comment_status":"closed","ping_status":"closed","sticky":false,"template":"","format":"standard","meta":{"footnotes":""},"categories":[1],"tags":[],"class_list":["post-6060","post","type-post","status-publish","format-standard","hentry","category-notcias"],"jetpack_featured_media_url":"","_links":{"self":[{"href":"https:\/\/wp.ufpel.edu.br\/clc\/wp-json\/wp\/v2\/posts\/6060","targetHints":{"allow":["GET"]}}],"collection":[{"href":"https:\/\/wp.ufpel.edu.br\/clc\/wp-json\/wp\/v2\/posts"}],"about":[{"href":"https:\/\/wp.ufpel.edu.br\/clc\/wp-json\/wp\/v2\/types\/post"}],"author":[{"embeddable":true,"href":"https:\/\/wp.ufpel.edu.br\/clc\/wp-json\/wp\/v2\/users\/50"}],"replies":[{"embeddable":true,"href":"https:\/\/wp.ufpel.edu.br\/clc\/wp-json\/wp\/v2\/comments?post=6060"}],"version-history":[{"count":5,"href":"https:\/\/wp.ufpel.edu.br\/clc\/wp-json\/wp\/v2\/posts\/6060\/revisions"}],"predecessor-version":[{"id":6072,"href":"https:\/\/wp.ufpel.edu.br\/clc\/wp-json\/wp\/v2\/posts\/6060\/revisions\/6072"}],"wp:attachment":[{"href":"https:\/\/wp.ufpel.edu.br\/clc\/wp-json\/wp\/v2\/media?parent=6060"}],"wp:term":[{"taxonomy":"category","embeddable":true,"href":"https:\/\/wp.ufpel.edu.br\/clc\/wp-json\/wp\/v2\/categories?post=6060"},{"taxonomy":"post_tag","embeddable":true,"href":"https:\/\/wp.ufpel.edu.br\/clc\/wp-json\/wp\/v2\/tags?post=6060"}],"curies":[{"name":"wp","href":"https:\/\/api.w.org\/{rel}","templated":true}]}}