{"id":6042,"date":"2017-12-19T17:23:24","date_gmt":"2017-12-19T19:23:24","guid":{"rendered":"https:\/\/wp.ufpel.edu.br\/clc\/?p=6042"},"modified":"2017-12-19T18:19:17","modified_gmt":"2017-12-19T20:19:17","slug":"clc-lanca-video-institucional","status":"publish","type":"post","link":"https:\/\/wp.ufpel.edu.br\/clc\/2017\/12\/19\/clc-lanca-video-institucional\/","title":{"rendered":"CLC lan\u00e7a v\u00eddeo institucional para resgatar sua hist\u00f3ria"},"content":{"rendered":"<p style=\"text-align: justify\">O Centro de Letras e Comunica\u00e7\u00e3o (CLC) da UFPel lan\u00e7ou um v\u00eddeo institucional, na ocasi\u00e3o de sua festa de final de ano, realizada no dia 15 de dezembro de 2017, a qual reuniu servidores docentes, t\u00e9cnico-administrativos e terceirizados do CLC. O v\u00eddeo trata-se de uma iniciativa do projeto de extens\u00e3o Palavras e Caf\u00e9, com o intuito de resgatar a hist\u00f3ria dos cursos de Letras por meio de entrevistas com personagens representativas ao longo dos 43 anos de exist\u00eancia do curso.\u00a0O projeto \u00e9 coordenado pela professora e diretora do Centro, Vanessa Damasceno, que ressalta a import\u00e2ncia de ter &#8220;um registro da mem\u00f3ria dos cursos do ano de 1984 at\u00e9 2017&#8221;.<\/p>\n<div id=\"attachment_6046\" style=\"width: 343px\" class=\"wp-caption alignleft\"><a href=\"https:\/\/wp.ufpel.edu.br\/clc\/files\/2017\/12\/25439961_1584405161621173_7994362285880085892_o.jpg\"><img loading=\"lazy\" decoding=\"async\" aria-describedby=\"caption-attachment-6046\" class=\"wp-image-6046 \" src=\"https:\/\/wp.ufpel.edu.br\/clc\/files\/2017\/12\/25439961_1584405161621173_7994362285880085892_o.jpg\" alt=\"\" width=\"333\" height=\"222\" srcset=\"https:\/\/wp.ufpel.edu.br\/clc\/files\/2017\/12\/25439961_1584405161621173_7994362285880085892_o.jpg 2048w, https:\/\/wp.ufpel.edu.br\/clc\/files\/2017\/12\/25439961_1584405161621173_7994362285880085892_o-212x141.jpg 212w, https:\/\/wp.ufpel.edu.br\/clc\/files\/2017\/12\/25439961_1584405161621173_7994362285880085892_o-424x283.jpg 424w, https:\/\/wp.ufpel.edu.br\/clc\/files\/2017\/12\/25439961_1584405161621173_7994362285880085892_o-768x512.jpg 768w\" sizes=\"auto, (max-width: 333px) 100vw, 333px\" \/><\/a><p id=\"caption-attachment-6046\" class=\"wp-caption-text\">V\u00eddeo institucional foi exibido na festa de final de ano do CLC de 2017<\/p><\/div>\n<p>&nbsp;<\/p>\n<p style=\"text-align: justify\">O v\u00eddeo foi desenvolvido por servidores t\u00e9cnico-administrativos do CLC: Vladi B. Vargas, respons\u00e1vel pela dire\u00e7\u00e3o, capta\u00e7\u00e3o de imagens, roteiro e edi\u00e7\u00e3o de v\u00eddeo e \u00e1udio; Bruno A\u00f1a\u00f1a (\u00e1udio externo) e Daniela Agendes (locu\u00e7\u00e3o), bem como pela aluna de Jornalismo Camila Mascarenhas (produ\u00e7\u00e3o).<\/p>\n<p>&nbsp;<\/p>\n<p>Confira o v\u00eddeo:<\/p>\n<p><iframe loading=\"lazy\" title=\"V\u00eddeo Institucional CLC | UFPEL\" width=\"640\" height=\"360\" src=\"https:\/\/www.youtube.com\/embed\/d4r25VYhZiM?feature=oembed\" frameborder=\"0\" allow=\"accelerometer; autoplay; clipboard-write; encrypted-media; gyroscope; picture-in-picture; web-share\" referrerpolicy=\"strict-origin-when-cross-origin\" allowfullscreen><\/iframe><\/p>\n<p style=\"text-align: justify\">A produ\u00e7\u00e3o tem por objetivo homenagear n\u00e3o somente os professores, ex-professores, ex-t\u00e9cnicos e ex-alunos entrevistados, mas tamb\u00e9m a comunidade como um todo, que permanece construindo a hist\u00f3ria do Centro de Letras e Comunica\u00e7\u00e3o. O CLC conta atualmente com dez cursos de gradua\u00e7\u00e3o, incluindo os cursos de Letras presenciais e\u00a0 de Espanhol \u00e0 Dist\u00e2ncia, al\u00e9m do curso de Jornalismo. Enquanto Centro, a estrutura atual \u00e9 composta por Dire\u00e7\u00e3o, C\u00e2mara de Ensino, C\u00e2mara de Pesquisa, C\u00e2mara de Extens\u00e3o, Colegiados de Curso e Programa de P\u00f3s-Gradua\u00e7\u00e3o \u2013 Mestrado.<\/p>\n<h4 style=\"text-align: right\"><em>Por: Daniela Agendes<\/em><\/h4>\n","protected":false},"excerpt":{"rendered":"<p>O Centro de Letras e Comunica\u00e7\u00e3o (CLC) da UFPel lan\u00e7ou um v\u00eddeo institucional, na ocasi\u00e3o de sua festa de final de ano, realizada no dia 15 de dezembro de 2017, a qual reuniu servidores docentes, t\u00e9cnico-administrativos e terceirizados do CLC. &hellip; <a href=\"https:\/\/wp.ufpel.edu.br\/clc\/2017\/12\/19\/clc-lanca-video-institucional\/\">Continue lendo <span class=\"meta-nav\">&rarr;<\/span><\/a><\/p>\n","protected":false},"author":50,"featured_media":0,"comment_status":"closed","ping_status":"closed","sticky":false,"template":"","format":"standard","meta":{"footnotes":""},"categories":[1],"tags":[],"class_list":["post-6042","post","type-post","status-publish","format-standard","hentry","category-notcias"],"jetpack_featured_media_url":"","_links":{"self":[{"href":"https:\/\/wp.ufpel.edu.br\/clc\/wp-json\/wp\/v2\/posts\/6042","targetHints":{"allow":["GET"]}}],"collection":[{"href":"https:\/\/wp.ufpel.edu.br\/clc\/wp-json\/wp\/v2\/posts"}],"about":[{"href":"https:\/\/wp.ufpel.edu.br\/clc\/wp-json\/wp\/v2\/types\/post"}],"author":[{"embeddable":true,"href":"https:\/\/wp.ufpel.edu.br\/clc\/wp-json\/wp\/v2\/users\/50"}],"replies":[{"embeddable":true,"href":"https:\/\/wp.ufpel.edu.br\/clc\/wp-json\/wp\/v2\/comments?post=6042"}],"version-history":[{"count":7,"href":"https:\/\/wp.ufpel.edu.br\/clc\/wp-json\/wp\/v2\/posts\/6042\/revisions"}],"predecessor-version":[{"id":6051,"href":"https:\/\/wp.ufpel.edu.br\/clc\/wp-json\/wp\/v2\/posts\/6042\/revisions\/6051"}],"wp:attachment":[{"href":"https:\/\/wp.ufpel.edu.br\/clc\/wp-json\/wp\/v2\/media?parent=6042"}],"wp:term":[{"taxonomy":"category","embeddable":true,"href":"https:\/\/wp.ufpel.edu.br\/clc\/wp-json\/wp\/v2\/categories?post=6042"},{"taxonomy":"post_tag","embeddable":true,"href":"https:\/\/wp.ufpel.edu.br\/clc\/wp-json\/wp\/v2\/tags?post=6042"}],"curies":[{"name":"wp","href":"https:\/\/api.w.org\/{rel}","templated":true}]}}