{"id":6026,"date":"2017-11-21T21:12:29","date_gmt":"2017-11-21T23:12:29","guid":{"rendered":"https:\/\/wp.ufpel.edu.br\/clc\/?p=6026"},"modified":"2017-11-21T21:14:11","modified_gmt":"2017-11-21T23:14:11","slug":"curso-de-revisao-e-formatacao-do-texto-academico","status":"publish","type":"post","link":"https:\/\/wp.ufpel.edu.br\/clc\/2017\/11\/21\/curso-de-revisao-e-formatacao-do-texto-academico\/","title":{"rendered":"Curso para servidores e estudantes aborda o texto acad\u00eamico"},"content":{"rendered":"<p style=\"text-align: justify\"><em>Publica\u00e7\u00e3o programada antes da greve dos servidores t\u00e9cnico-administrativos da UFPel.<\/em><\/p>\n<p style=\"text-align: justify\">O curso &#8220;Aspectos de revis\u00e3o e formata\u00e7\u00e3o do texto acad\u00eamico&#8221; recebe inscri\u00e7\u00f5es de estudantes e servidores da UFPel at\u00e9 a pr\u00f3xima segunda-feira (27), pelo e-mail <a href=\"mailto:nucleorevisao.ufpel@gmail.com\" target=\"_blank\" rel=\"noopener\">nucleorevisao.ufpel@gmail.com<\/a>. As atividades contabilizar\u00e3o 9 horas. A ministrante \u00e9 a revisora de textos J\u00falia Crochemore Restrepo, profissional visitante da Universidade Federal de Santa Catarina\u00a0 (<a href=\"http:\/\/wp.me\/s8BNZR-6020\" target=\"_blank\" rel=\"noopener\">saiba mais sobre a revisora<\/a>). O curso \u00e9 promovido pela Coordena\u00e7\u00e3o do curso de Bacharelado em Letras &#8211; Reda\u00e7\u00e3o e Revis\u00e3o de Textos.<\/p>\n<p><a href=\"https:\/\/wp.ufpel.edu.br\/clc\/files\/2017\/11\/ChamadaCurso-2.png\"><img loading=\"lazy\" decoding=\"async\" class=\"aligncenter wp-image-6028 size-full\" src=\"https:\/\/wp.ufpel.edu.br\/clc\/files\/2017\/11\/ChamadaCurso-2.png\" alt=\"\" width=\"940\" height=\"788\" srcset=\"https:\/\/wp.ufpel.edu.br\/clc\/files\/2017\/11\/ChamadaCurso-2.png 940w, https:\/\/wp.ufpel.edu.br\/clc\/files\/2017\/11\/ChamadaCurso-2-190x159.png 190w, https:\/\/wp.ufpel.edu.br\/clc\/files\/2017\/11\/ChamadaCurso-2-379x318.png 379w, https:\/\/wp.ufpel.edu.br\/clc\/files\/2017\/11\/ChamadaCurso-2-768x644.png 768w\" sizes=\"auto, (max-width: 940px) 100vw, 940px\" \/><\/a><\/p>\n","protected":false},"excerpt":{"rendered":"<p>Publica\u00e7\u00e3o programada antes da greve dos servidores t\u00e9cnico-administrativos da UFPel. O curso &#8220;Aspectos de revis\u00e3o e formata\u00e7\u00e3o do texto acad\u00eamico&#8221; recebe inscri\u00e7\u00f5es de estudantes e servidores da UFPel at\u00e9 a pr\u00f3xima segunda-feira (27), pelo e-mail nucleorevisao.ufpel@gmail.com. As atividades contabilizar\u00e3o 9 &hellip; <a href=\"https:\/\/wp.ufpel.edu.br\/clc\/2017\/11\/21\/curso-de-revisao-e-formatacao-do-texto-academico\/\">Continue lendo <span class=\"meta-nav\">&rarr;<\/span><\/a><\/p>\n","protected":false},"author":50,"featured_media":0,"comment_status":"closed","ping_status":"closed","sticky":false,"template":"","format":"standard","meta":{"footnotes":""},"categories":[33392],"tags":[],"class_list":["post-6026","post","type-post","status-publish","format-standard","hentry","category-cursos"],"jetpack_featured_media_url":"","_links":{"self":[{"href":"https:\/\/wp.ufpel.edu.br\/clc\/wp-json\/wp\/v2\/posts\/6026","targetHints":{"allow":["GET"]}}],"collection":[{"href":"https:\/\/wp.ufpel.edu.br\/clc\/wp-json\/wp\/v2\/posts"}],"about":[{"href":"https:\/\/wp.ufpel.edu.br\/clc\/wp-json\/wp\/v2\/types\/post"}],"author":[{"embeddable":true,"href":"https:\/\/wp.ufpel.edu.br\/clc\/wp-json\/wp\/v2\/users\/50"}],"replies":[{"embeddable":true,"href":"https:\/\/wp.ufpel.edu.br\/clc\/wp-json\/wp\/v2\/comments?post=6026"}],"version-history":[{"count":3,"href":"https:\/\/wp.ufpel.edu.br\/clc\/wp-json\/wp\/v2\/posts\/6026\/revisions"}],"predecessor-version":[{"id":6032,"href":"https:\/\/wp.ufpel.edu.br\/clc\/wp-json\/wp\/v2\/posts\/6026\/revisions\/6032"}],"wp:attachment":[{"href":"https:\/\/wp.ufpel.edu.br\/clc\/wp-json\/wp\/v2\/media?parent=6026"}],"wp:term":[{"taxonomy":"category","embeddable":true,"href":"https:\/\/wp.ufpel.edu.br\/clc\/wp-json\/wp\/v2\/categories?post=6026"},{"taxonomy":"post_tag","embeddable":true,"href":"https:\/\/wp.ufpel.edu.br\/clc\/wp-json\/wp\/v2\/tags?post=6026"}],"curies":[{"name":"wp","href":"https:\/\/api.w.org\/{rel}","templated":true}]}}