{"id":5600,"date":"2017-08-11T16:29:53","date_gmt":"2017-08-11T19:29:53","guid":{"rendered":"https:\/\/wp.ufpel.edu.br\/clc\/?p=5600"},"modified":"2017-08-11T16:29:53","modified_gmt":"2017-08-11T19:29:53","slug":"dia-11-de-agosto-dia-dao-estudante","status":"publish","type":"post","link":"https:\/\/wp.ufpel.edu.br\/clc\/2017\/08\/11\/dia-11-de-agosto-dia-dao-estudante\/","title":{"rendered":"Dia 11 de agosto, dia da\/o estudante"},"content":{"rendered":"<p><a href=\"https:\/\/wp.ufpel.edu.br\/clc\/files\/2017\/08\/20708033_1472509799477377_4168407593066695555_n.jpg\"><img loading=\"lazy\" decoding=\"async\" class=\"alignnone size-full wp-image-5602\" src=\"https:\/\/wp.ufpel.edu.br\/clc\/files\/2017\/08\/20708033_1472509799477377_4168407593066695555_n.jpg\" alt=\"\" width=\"800\" height=\"800\" srcset=\"https:\/\/wp.ufpel.edu.br\/clc\/files\/2017\/08\/20708033_1472509799477377_4168407593066695555_n.jpg 800w, https:\/\/wp.ufpel.edu.br\/clc\/files\/2017\/08\/20708033_1472509799477377_4168407593066695555_n-159x159.jpg 159w, https:\/\/wp.ufpel.edu.br\/clc\/files\/2017\/08\/20708033_1472509799477377_4168407593066695555_n-318x318.jpg 318w, https:\/\/wp.ufpel.edu.br\/clc\/files\/2017\/08\/20708033_1472509799477377_4168407593066695555_n-768x768.jpg 768w\" sizes=\"auto, (max-width: 800px) 100vw, 800px\" \/><\/a><\/p>\n<p style=\"text-align: justify\">Parab\u00e9ns estudantes, voc\u00eas s\u00e3o a raz\u00e3o de tudo o que acontece no CLC e na UFPel!<br \/>\nParab\u00e9ns \u00e0s\/aos acad\u00eamic@s por, muitas vezes, dividirem sua dedica\u00e7\u00e3o com outras atividades al\u00e9m da faculdade. \u00c0quel@s que participam de projetos mil, na pesquisa, na extens\u00e3o e no ensino. E ainda \u00e0quel@s que v\u00eam de longe para enriquecer nossa Pelotas. Muito obrigada por fazerem do CLC um lugar cheio de vida!<\/p>\n","protected":false},"excerpt":{"rendered":"<p>Parab\u00e9ns estudantes, voc\u00eas s\u00e3o a raz\u00e3o de tudo o que acontece no CLC e na UFPel! Parab\u00e9ns \u00e0s\/aos acad\u00eamic@s por, muitas vezes, dividirem sua dedica\u00e7\u00e3o com outras atividades al\u00e9m da faculdade. \u00c0quel@s que participam de projetos mil, na pesquisa, na &hellip; <a href=\"https:\/\/wp.ufpel.edu.br\/clc\/2017\/08\/11\/dia-11-de-agosto-dia-dao-estudante\/\">Continue lendo <span class=\"meta-nav\">&rarr;<\/span><\/a><\/p>\n","protected":false},"author":50,"featured_media":0,"comment_status":"closed","ping_status":"closed","sticky":false,"template":"","format":"standard","meta":{"footnotes":""},"categories":[1],"tags":[],"class_list":["post-5600","post","type-post","status-publish","format-standard","hentry","category-notcias"],"jetpack_featured_media_url":"","_links":{"self":[{"href":"https:\/\/wp.ufpel.edu.br\/clc\/wp-json\/wp\/v2\/posts\/5600","targetHints":{"allow":["GET"]}}],"collection":[{"href":"https:\/\/wp.ufpel.edu.br\/clc\/wp-json\/wp\/v2\/posts"}],"about":[{"href":"https:\/\/wp.ufpel.edu.br\/clc\/wp-json\/wp\/v2\/types\/post"}],"author":[{"embeddable":true,"href":"https:\/\/wp.ufpel.edu.br\/clc\/wp-json\/wp\/v2\/users\/50"}],"replies":[{"embeddable":true,"href":"https:\/\/wp.ufpel.edu.br\/clc\/wp-json\/wp\/v2\/comments?post=5600"}],"version-history":[{"count":1,"href":"https:\/\/wp.ufpel.edu.br\/clc\/wp-json\/wp\/v2\/posts\/5600\/revisions"}],"predecessor-version":[{"id":5603,"href":"https:\/\/wp.ufpel.edu.br\/clc\/wp-json\/wp\/v2\/posts\/5600\/revisions\/5603"}],"wp:attachment":[{"href":"https:\/\/wp.ufpel.edu.br\/clc\/wp-json\/wp\/v2\/media?parent=5600"}],"wp:term":[{"taxonomy":"category","embeddable":true,"href":"https:\/\/wp.ufpel.edu.br\/clc\/wp-json\/wp\/v2\/categories?post=5600"},{"taxonomy":"post_tag","embeddable":true,"href":"https:\/\/wp.ufpel.edu.br\/clc\/wp-json\/wp\/v2\/tags?post=5600"}],"curies":[{"name":"wp","href":"https:\/\/api.w.org\/{rel}","templated":true}]}}