{"id":5590,"date":"2017-08-11T14:45:02","date_gmt":"2017-08-11T17:45:02","guid":{"rendered":"https:\/\/wp.ufpel.edu.br\/clc\/?p=5590"},"modified":"2017-08-11T14:49:02","modified_gmt":"2017-08-11T17:49:02","slug":"cozinha-com-libras-promove-competicao-gastronomica","status":"publish","type":"post","link":"https:\/\/wp.ufpel.edu.br\/clc\/2017\/08\/11\/cozinha-com-libras-promove-competicao-gastronomica\/","title":{"rendered":"Cozinha com Libras promove competi\u00e7\u00e3o gastron\u00f4mica"},"content":{"rendered":"<p style=\"text-align: justify\">Na pr\u00f3xima segunda-feira (14), a partir das 9h, acontece o Cozinha com Libras, evento organizado pelos alunos da disciplina de Libras I. Trata-se de uma competi\u00e7\u00e3o gastron\u00f4mica com venda dos produtos participantes em prol da Escola para Surdos Alfredo Dub. O evento ocorre\u00a0no corredor central (t\u00e9rreo) do Campus Porto.<\/p>\n<p style=\"text-align: justify\"><a href=\"https:\/\/wp.ufpel.edu.br\/clc\/files\/2017\/08\/cozinha.png\"><img loading=\"lazy\" decoding=\"async\" class=\"alignnone size-full wp-image-5593\" src=\"https:\/\/wp.ufpel.edu.br\/clc\/files\/2017\/08\/cozinha.png\" alt=\"\" width=\"1258\" height=\"872\" srcset=\"https:\/\/wp.ufpel.edu.br\/clc\/files\/2017\/08\/cozinha.png 1258w, https:\/\/wp.ufpel.edu.br\/clc\/files\/2017\/08\/cozinha-212x147.png 212w, https:\/\/wp.ufpel.edu.br\/clc\/files\/2017\/08\/cozinha-424x294.png 424w, https:\/\/wp.ufpel.edu.br\/clc\/files\/2017\/08\/cozinha-768x532.png 768w\" sizes=\"auto, (max-width: 1258px) 100vw, 1258px\" \/><\/a><br \/>\nO evento tem como objetivos desenvolver habilidades lingu\u00edsticas comunicacionais em Libras; aproximar o aluno da UFPel da Comunidade Surda; desenvolver habilidades de intera\u00e7\u00e3o com p\u00fablico, em especial com p\u00fablico usu\u00e1rio de L\u00edngua de Sinais, al\u00e9m de promover esp\u00edrito esportivo e solidariedade.<\/p>\n<p style=\"text-align: right\"><em>Imagem e texto: Divulga\u00e7\u00e3o<\/em><\/p>\n","protected":false},"excerpt":{"rendered":"<p>Na pr\u00f3xima segunda-feira (14), a partir das 9h, acontece o Cozinha com Libras, evento organizado pelos alunos da disciplina de Libras I. Trata-se de uma competi\u00e7\u00e3o gastron\u00f4mica com venda dos produtos participantes em prol da Escola para Surdos Alfredo Dub. &hellip; <a href=\"https:\/\/wp.ufpel.edu.br\/clc\/2017\/08\/11\/cozinha-com-libras-promove-competicao-gastronomica\/\">Continue lendo <span class=\"meta-nav\">&rarr;<\/span><\/a><\/p>\n","protected":false},"author":50,"featured_media":0,"comment_status":"closed","ping_status":"closed","sticky":false,"template":"","format":"standard","meta":{"footnotes":""},"categories":[33386,1],"tags":[],"class_list":["post-5590","post","type-post","status-publish","format-standard","hentry","category-eventos","category-notcias"],"jetpack_featured_media_url":"","_links":{"self":[{"href":"https:\/\/wp.ufpel.edu.br\/clc\/wp-json\/wp\/v2\/posts\/5590","targetHints":{"allow":["GET"]}}],"collection":[{"href":"https:\/\/wp.ufpel.edu.br\/clc\/wp-json\/wp\/v2\/posts"}],"about":[{"href":"https:\/\/wp.ufpel.edu.br\/clc\/wp-json\/wp\/v2\/types\/post"}],"author":[{"embeddable":true,"href":"https:\/\/wp.ufpel.edu.br\/clc\/wp-json\/wp\/v2\/users\/50"}],"replies":[{"embeddable":true,"href":"https:\/\/wp.ufpel.edu.br\/clc\/wp-json\/wp\/v2\/comments?post=5590"}],"version-history":[{"count":5,"href":"https:\/\/wp.ufpel.edu.br\/clc\/wp-json\/wp\/v2\/posts\/5590\/revisions"}],"predecessor-version":[{"id":5598,"href":"https:\/\/wp.ufpel.edu.br\/clc\/wp-json\/wp\/v2\/posts\/5590\/revisions\/5598"}],"wp:attachment":[{"href":"https:\/\/wp.ufpel.edu.br\/clc\/wp-json\/wp\/v2\/media?parent=5590"}],"wp:term":[{"taxonomy":"category","embeddable":true,"href":"https:\/\/wp.ufpel.edu.br\/clc\/wp-json\/wp\/v2\/categories?post=5590"},{"taxonomy":"post_tag","embeddable":true,"href":"https:\/\/wp.ufpel.edu.br\/clc\/wp-json\/wp\/v2\/tags?post=5590"}],"curies":[{"name":"wp","href":"https:\/\/api.w.org\/{rel}","templated":true}]}}