{"id":5572,"date":"2017-08-07T16:34:09","date_gmt":"2017-08-07T19:34:09","guid":{"rendered":"https:\/\/wp.ufpel.edu.br\/clc\/?p=5572"},"modified":"2017-08-07T16:35:30","modified_gmt":"2017-08-07T19:35:30","slug":"palestra-discute-genero-feminismo-e-o-papel-da-midia","status":"publish","type":"post","link":"https:\/\/wp.ufpel.edu.br\/clc\/2017\/08\/07\/palestra-discute-genero-feminismo-e-o-papel-da-midia\/","title":{"rendered":"Palestra discute g\u00eanero, feminismo e o papel da m\u00eddia"},"content":{"rendered":"<p style=\"text-align: justify\"><a href=\"https:\/\/wp.ufpel.edu.br\/clc\/files\/2017\/08\/imagem-evento-2.png\"><img loading=\"lazy\" decoding=\"async\" class=\" wp-image-5574 alignright\" src=\"https:\/\/wp.ufpel.edu.br\/clc\/files\/2017\/08\/imagem-evento-2.png\" alt=\"\" width=\"299\" height=\"189\" srcset=\"https:\/\/wp.ufpel.edu.br\/clc\/files\/2017\/08\/imagem-evento-2.png 614w, https:\/\/wp.ufpel.edu.br\/clc\/files\/2017\/08\/imagem-evento-2-212x134.png 212w, https:\/\/wp.ufpel.edu.br\/clc\/files\/2017\/08\/imagem-evento-2-424x268.png 424w\" sizes=\"auto, (max-width: 299px) 100vw, 299px\" \/><\/a>G\u00eanero, feminismo e o papel da m\u00eddia ser\u00e3o os assuntos tratados em uma palestra, realizada nesta quarta-feira, dia 9 de agosto, na Universidade Federal de Pelotas (UFPel). O evento, promovido pelo grupo de pesquisa M\u00eddia e Representa\u00e7\u00e3o Feminina, do curso de Jornalismo da UFPel, ocorrer\u00e1 no Audit\u00f3rio da Reitoria, no Campus Anglo, \u00e0s 19h.<\/p>\n<p style=\"text-align: justify\">As inscri\u00e7\u00f5es, gratuitas e abertas \u00e0 toda comunidade, poder\u00e3o ser feitas\u00a0<a href=\"http:\/\/bit.ly\/generoefeminismo\" target=\"_blank\" rel=\"noopener\">aqui<\/a>. A noite ser\u00e1 comandada pelos palestrantes Fl\u00e1via Chagas, J\u00fanior Kr\u00fcger e Alice Portiolli. Fl\u00e1via \u00e9 professora adjunta do departamento e do curso de p\u00f3s-gradua\u00e7\u00e3o em Filosofia da UFPel, J\u00fanior \u00e9 mestre em Filosofia pela mesma universidade e Alice \u00e9 vice-Miss Diversidade RS\/2015 e graduanda em Letras \u2013 Portugu\u00eas\/Franc\u00eas pela UFPel. Todos os participantes receber\u00e3o atestados.<\/p>\n<p style=\"text-align: justify\">O grupo de pesquisa, com cadastro no Diret\u00f3rio de Pesquisa do Conselho Nacional de Desenvolvimento Cient\u00edfico e Tecnol\u00f3gico (CNPQ) e com apoio da Funda\u00e7\u00e3o de Amparo \u00e0 Pesquisa do Estado do Rio Grande do Sul (Fapergs) \u00e9 coordenado pela professora Marislei Ribeiro, doutora em comunica\u00e7\u00e3o pela PUC-RS. Conta, tamb\u00e9m, com a participa\u00e7\u00e3o de alunas e bolsistas do curso de Jornalismo da UFPel. Dedica-se a estudar a representa\u00e7\u00e3o da mulher nos ve\u00edculos midi\u00e1ticos do Brasil e de Portugal e a desvelar a quest\u00e3o simb\u00f3lica da constru\u00e7\u00e3o da viol\u00eancia contra a mulher. Tamb\u00e9m busca discuss\u00f5es e pesquisas acerca da constru\u00e7\u00e3o hist\u00f3rica e cultural do g\u00eanero feminino, com suas representa\u00e7\u00f5es e estere\u00f3tipos, a partir da constitui\u00e7\u00e3o de identidades, intermediada pela cultura midi\u00e1tica da contemporaneidade.<\/p>\n<p style=\"text-align: right\"><em>Fonte: Divulga\u00e7\u00e3o (Mariana Hallal)<\/em><\/p>\n","protected":false},"excerpt":{"rendered":"<p>G\u00eanero, feminismo e o papel da m\u00eddia ser\u00e3o os assuntos tratados em uma palestra, realizada nesta quarta-feira, dia 9 de agosto, na Universidade Federal de Pelotas (UFPel). O evento, promovido pelo grupo de pesquisa M\u00eddia e Representa\u00e7\u00e3o Feminina, do curso &hellip; <a href=\"https:\/\/wp.ufpel.edu.br\/clc\/2017\/08\/07\/palestra-discute-genero-feminismo-e-o-papel-da-midia\/\">Continue lendo <span class=\"meta-nav\">&rarr;<\/span><\/a><\/p>\n","protected":false},"author":50,"featured_media":0,"comment_status":"closed","ping_status":"closed","sticky":false,"template":"","format":"standard","meta":{"footnotes":""},"categories":[33383,33386],"tags":[],"class_list":["post-5572","post","type-post","status-publish","format-standard","hentry","category-abertos-a-comunidade","category-eventos"],"jetpack_featured_media_url":"","_links":{"self":[{"href":"https:\/\/wp.ufpel.edu.br\/clc\/wp-json\/wp\/v2\/posts\/5572","targetHints":{"allow":["GET"]}}],"collection":[{"href":"https:\/\/wp.ufpel.edu.br\/clc\/wp-json\/wp\/v2\/posts"}],"about":[{"href":"https:\/\/wp.ufpel.edu.br\/clc\/wp-json\/wp\/v2\/types\/post"}],"author":[{"embeddable":true,"href":"https:\/\/wp.ufpel.edu.br\/clc\/wp-json\/wp\/v2\/users\/50"}],"replies":[{"embeddable":true,"href":"https:\/\/wp.ufpel.edu.br\/clc\/wp-json\/wp\/v2\/comments?post=5572"}],"version-history":[{"count":3,"href":"https:\/\/wp.ufpel.edu.br\/clc\/wp-json\/wp\/v2\/posts\/5572\/revisions"}],"predecessor-version":[{"id":5577,"href":"https:\/\/wp.ufpel.edu.br\/clc\/wp-json\/wp\/v2\/posts\/5572\/revisions\/5577"}],"wp:attachment":[{"href":"https:\/\/wp.ufpel.edu.br\/clc\/wp-json\/wp\/v2\/media?parent=5572"}],"wp:term":[{"taxonomy":"category","embeddable":true,"href":"https:\/\/wp.ufpel.edu.br\/clc\/wp-json\/wp\/v2\/categories?post=5572"},{"taxonomy":"post_tag","embeddable":true,"href":"https:\/\/wp.ufpel.edu.br\/clc\/wp-json\/wp\/v2\/tags?post=5572"}],"curies":[{"name":"wp","href":"https:\/\/api.w.org\/{rel}","templated":true}]}}