{"id":5550,"date":"2017-08-01T18:16:18","date_gmt":"2017-08-01T21:16:18","guid":{"rendered":"https:\/\/wp.ufpel.edu.br\/clc\/?p=5550"},"modified":"2017-08-07T18:02:13","modified_gmt":"2017-08-07T21:02:13","slug":"clc-tem-novo-logotipo","status":"publish","type":"post","link":"https:\/\/wp.ufpel.edu.br\/clc\/2017\/08\/01\/clc-tem-novo-logotipo\/","title":{"rendered":"CLC tem nova identidade visual"},"content":{"rendered":"<p style=\"text-align: justify\">O Centro de Letras e Comunica\u00e7\u00e3o da UFPel acaba de ganhar um escudo. A nova identidade visual ser\u00e1 utilizada em documentos oficiais emitidos por setores da unidade, bem como por servidores (professores e t\u00e9cnicos-administrativos). Ela dever\u00e1 ser usada tamb\u00e9m em qualquer tipo de divulga\u00e7\u00e3o gr\u00e1fica (cartazes, folders etc.) que envolva projetos desenvolvidos no CLC.<\/p>\n<p style=\"text-align: justify\"><a href=\"https:\/\/wp.ufpel.edu.br\/clc\/files\/2017\/08\/Logo-CLC-v.final_.png\"><img loading=\"lazy\" decoding=\"async\" class=\"alignnone size-full wp-image-5578\" src=\"https:\/\/wp.ufpel.edu.br\/clc\/files\/2017\/08\/Logo-CLC-v.final_.png\" alt=\"\" width=\"800\" height=\"800\" srcset=\"https:\/\/wp.ufpel.edu.br\/clc\/files\/2017\/08\/Logo-CLC-v.final_.png 800w, https:\/\/wp.ufpel.edu.br\/clc\/files\/2017\/08\/Logo-CLC-v.final_-159x159.png 159w, https:\/\/wp.ufpel.edu.br\/clc\/files\/2017\/08\/Logo-CLC-v.final_-318x318.png 318w, https:\/\/wp.ufpel.edu.br\/clc\/files\/2017\/08\/Logo-CLC-v.final_-768x768.png 768w\" sizes=\"auto, (max-width: 800px) 100vw, 800px\" \/><\/a><\/p>\n<p style=\"text-align: justify\"><strong>Fa\u00e7a o download das imagens:<\/strong>\u00a0<a href=\"https:\/\/wp.ufpel.edu.br\/clc\/files\/2017\/08\/Logo-CLC-v.final_.png\" target=\"_blank\" rel=\"noopener\">escudo colorido<\/a>; <a href=\"https:\/\/wp.ufpel.edu.br\/clc\/files\/2017\/08\/Logo-CLC-v.final-PB.png\" target=\"_blank\" rel=\"noopener\">escudo preto e branco<\/a>.<\/p>\n<p style=\"text-align: justify\">A cor azul unifica os cursos e faz a composi\u00e7\u00e3o de forma harm\u00f4nica com o tom de roxo da flor de lis.\u00a0O s\u00edmbolo das Letras (flor de lis) representa a articula\u00e7\u00e3o entre tr\u00eas grandes \u00e1reas que constituem o curso: a lingu\u00edstica, a literatura e a gram\u00e1tica, representadas por cada p\u00e9tala da flor.<br \/>\nA t\u00e1bua da lei \u00e9 um dos poss\u00edveis s\u00edmbolos do Jornalismo (aceita-se tamb\u00e9m a raposa e a foca). O termo &#8220;LEX&#8221; vem do latim, &#8220;lei&#8221;. Trata-se de uma representa\u00e7\u00e3o de falar a verdade, publicar e escrever eticamente.<br \/>\n<span class=\"text_exposed_show\">A arte foi desenvolvida pelo N\u00facleo de Comunica\u00e7\u00e3o do CLC &#8211; servidora Daniela Agendes.<\/span><\/p>\n","protected":false},"excerpt":{"rendered":"<p>O Centro de Letras e Comunica\u00e7\u00e3o da UFPel acaba de ganhar um escudo. A nova identidade visual ser\u00e1 utilizada em documentos oficiais emitidos por setores da unidade, bem como por servidores (professores e t\u00e9cnicos-administrativos). Ela dever\u00e1 ser usada tamb\u00e9m em &hellip; <a href=\"https:\/\/wp.ufpel.edu.br\/clc\/2017\/08\/01\/clc-tem-novo-logotipo\/\">Continue lendo <span class=\"meta-nav\">&rarr;<\/span><\/a><\/p>\n","protected":false},"author":50,"featured_media":0,"comment_status":"closed","ping_status":"closed","sticky":false,"template":"","format":"standard","meta":{"footnotes":""},"categories":[1],"tags":[],"class_list":["post-5550","post","type-post","status-publish","format-standard","hentry","category-notcias"],"jetpack_featured_media_url":"","_links":{"self":[{"href":"https:\/\/wp.ufpel.edu.br\/clc\/wp-json\/wp\/v2\/posts\/5550","targetHints":{"allow":["GET"]}}],"collection":[{"href":"https:\/\/wp.ufpel.edu.br\/clc\/wp-json\/wp\/v2\/posts"}],"about":[{"href":"https:\/\/wp.ufpel.edu.br\/clc\/wp-json\/wp\/v2\/types\/post"}],"author":[{"embeddable":true,"href":"https:\/\/wp.ufpel.edu.br\/clc\/wp-json\/wp\/v2\/users\/50"}],"replies":[{"embeddable":true,"href":"https:\/\/wp.ufpel.edu.br\/clc\/wp-json\/wp\/v2\/comments?post=5550"}],"version-history":[{"count":7,"href":"https:\/\/wp.ufpel.edu.br\/clc\/wp-json\/wp\/v2\/posts\/5550\/revisions"}],"predecessor-version":[{"id":5582,"href":"https:\/\/wp.ufpel.edu.br\/clc\/wp-json\/wp\/v2\/posts\/5550\/revisions\/5582"}],"wp:attachment":[{"href":"https:\/\/wp.ufpel.edu.br\/clc\/wp-json\/wp\/v2\/media?parent=5550"}],"wp:term":[{"taxonomy":"category","embeddable":true,"href":"https:\/\/wp.ufpel.edu.br\/clc\/wp-json\/wp\/v2\/categories?post=5550"},{"taxonomy":"post_tag","embeddable":true,"href":"https:\/\/wp.ufpel.edu.br\/clc\/wp-json\/wp\/v2\/tags?post=5550"}],"curies":[{"name":"wp","href":"https:\/\/api.w.org\/{rel}","templated":true}]}}